{"id":675,"date":"2024-12-23T12:53:01","date_gmt":"2024-12-23T12:53:01","guid":{"rendered":"https:\/\/www.aelimadefaria.pt\/centroqualifica\/?p=675"},"modified":"2024-12-23T12:59:12","modified_gmt":"2024-12-23T12:59:12","slug":"nova-formacao","status":"publish","type":"post","link":"https:\/\/www.aelimadefaria.pt\/centroqualifica\/2024\/12\/23\/nova-formacao\/","title":{"rendered":"Nova forma\u00e7\u00e3o"},"content":{"rendered":"\n<p>Aproveite mais uma oportunidade para melhorar as suas compet\u00eancias, consolidar e ampliar as suas aptid\u00f5es em \u00e1reas diversas.<\/p>\n<p>Cursos de N\u00edvel 4 [escolaridade m\u00ednima para frequ\u00eancia: 9.\u00ba ano].<\/p><p>Destinat\u00e1rios: adultos ativos (desempregados, funcion\u00e1rios por conta pr\u00f3pria\/conta de outrem, do setor p\u00fablico ou privado).<\/p>\n<p>Forma\u00e7\u00e3o certificada, gratuita e financiada (com subs\u00eddio de alimenta\u00e7\u00e3o) &#8211; a iniciar j\u00e1 em janeiro de 2025<\/p>\n<p>Inscreva-se: https:\/\/forms.gle\/Fydim7jkjbwVsDTB7<\/p>.\n<p>No formul\u00e1rio de inscri\u00e7\u00e3o, pode ver os conte\u00fados de cada UFCD.<\/p>\n<p>Contacte-nos: 231 419 561 | 963 090 127<\/p>\n<p>e-mail: aelimafaria@centroqualifica.gov.pt<\/p>\n\n\n\n<figure class=\"wp-block-image size-full\"><img loading=\"lazy\" decoding=\"async\" width=\"500\" height=\"375\" src=\"https:\/\/www.aelimadefaria.pt\/centroqualifica\/wp-content\/uploads\/2024\/12\/471170740_1105783554571758_7234537630091457402_n.jpg\" alt=\"\" class=\"wp-image-676\" srcset=\"https:\/\/www.aelimadefaria.pt\/centroqualifica\/wp-content\/uploads\/2024\/12\/471170740_1105783554571758_7234537630091457402_n.jpg 500w, https:\/\/www.aelimadefaria.pt\/centroqualifica\/wp-content\/uploads\/2024\/12\/471170740_1105783554571758_7234537630091457402_n-300x225.jpg 300w\" sizes=\"auto, (max-width: 500px) 100vw, 500px\" \/><\/figure>\n","protected":false},"excerpt":{"rendered":"<p>Aproveite mais uma oportunidade para melhorar as suas compet\u00eancias, consolidar e ampliar as suas aptid\u00f5es em \u00e1reas diversas. Cursos de N\u00edvel 4 [escolaridade m\u00ednima para frequ\u00eancia: 9.\u00ba ano]. Destinat\u00e1rios: adultos ativos (desempregados, funcion\u00e1rios por conta pr\u00f3pria\/conta de outrem, do setor p\u00fablico ou privado). Forma\u00e7\u00e3o certificada, gratuita e financiada (com subs\u00eddio de alimenta\u00e7\u00e3o) &#8211; a iniciar <a class=\"more-link\" href=\"https:\/\/www.aelimadefaria.pt\/centroqualifica\/2024\/12\/23\/nova-formacao\/\">Read More &#8230;<\/a><\/p>\n","protected":false},"author":1,"featured_media":676,"comment_status":"closed","ping_status":"open","sticky":false,"template":"","format":"standard","meta":{"footnotes":""},"categories":[1],"tags":[],"class_list":["post-675","post","type-post","status-publish","format-standard","has-post-thumbnail","hentry","category-uncategorized"],"_links":{"self":[{"href":"https:\/\/www.aelimadefaria.pt\/centroqualifica\/wp-json\/wp\/v2\/posts\/675","targetHints":{"allow":["GET"]}}],"collection":[{"href":"https:\/\/www.aelimadefaria.pt\/centroqualifica\/wp-json\/wp\/v2\/posts"}],"about":[{"href":"https:\/\/www.aelimadefaria.pt\/centroqualifica\/wp-json\/wp\/v2\/types\/post"}],"author":[{"embeddable":true,"href":"https:\/\/www.aelimadefaria.pt\/centroqualifica\/wp-json\/wp\/v2\/users\/1"}],"replies":[{"embeddable":true,"href":"https:\/\/www.aelimadefaria.pt\/centroqualifica\/wp-json\/wp\/v2\/comments?post=675"}],"version-history":[{"count":2,"href":"https:\/\/www.aelimadefaria.pt\/centroqualifica\/wp-json\/wp\/v2\/posts\/675\/revisions"}],"predecessor-version":[{"id":679,"href":"https:\/\/www.aelimadefaria.pt\/centroqualifica\/wp-json\/wp\/v2\/posts\/675\/revisions\/679"}],"wp:featuredmedia":[{"embeddable":true,"href":"https:\/\/www.aelimadefaria.pt\/centroqualifica\/wp-json\/wp\/v2\/media\/676"}],"wp:attachment":[{"href":"https:\/\/www.aelimadefaria.pt\/centroqualifica\/wp-json\/wp\/v2\/media?parent=675"}],"wp:term":[{"taxonomy":"category","embeddable":true,"href":"https:\/\/www.aelimadefaria.pt\/centroqualifica\/wp-json\/wp\/v2\/categories?post=675"},{"taxonomy":"post_tag","embeddable":true,"href":"https:\/\/www.aelimadefaria.pt\/centroqualifica\/wp-json\/wp\/v2\/tags?post=675"}],"curies":[{"name":"wp","href":"https:\/\/api.w.org\/{rel}","templated":true}]}}