{"id":745,"date":"2025-07-23T07:59:10","date_gmt":"2025-07-23T07:59:10","guid":{"rendered":"https:\/\/www.aelimadefaria.pt\/centroqualifica\/?p=745"},"modified":"2025-07-23T07:59:11","modified_gmt":"2025-07-23T07:59:11","slug":"rvcc-nivel-secundario-12-o-ano","status":"publish","type":"post","link":"http:\/\/www.aelimadefaria.pt\/centroqualifica\/2025\/07\/23\/rvcc-nivel-secundario-12-o-ano\/","title":{"rendered":"RVCC N\u00edvel Secund\u00e1rio (12.\u00ba ano)"},"content":{"rendered":"\n<p>O Centro Qualifica termina, assim, o ano letivo, com mais uma sess\u00e3o de certifica\u00e7\u00e3o muito bem sucedida! <\/p>\n\n\n\n<p>Mais tr\u00eas candidatos certificados atrav\u00e9s do processo RVCC N\u00edvel Secund\u00e1rio (12.\u00ba ano). <\/p>\n\n\n\n<p>Muitos Parab\u00e9ns ao  Carlos Heleno, \u00e0 Goretti Batista, ao D\u00e1rio Rodelo, pelo empenho e pelo esfor\u00e7o recompensado! <\/p>\n\n\n\n<p>Felicidades! Que os projetos e os sonhos destes adultos, e de todos os que connosco t\u00eam ampliado as suas qualifica\u00e7\u00f5es, continuem a concretizar-se! <\/p>\n\n\n\n<p>S\u00e3o os votos que vos deixa a Equipa do Centro Qualifica do Agrupamento de Escolas Lima-de-Faria, Cantanhede. <\/p>\n\n\n\n<p>Para os elementos do J\u00fari que com todos n\u00f3s caminharam nesta jornada de trabalho e de muita aprendizagem vai o nosso agradecimento. Bem hajam!<\/p>\n\n\n\n<figure class=\"wp-block-image size-full\"><img loading=\"lazy\" decoding=\"async\" width=\"500\" height=\"499\" src=\"https:\/\/www.aelimadefaria.pt\/centroqualifica\/wp-content\/uploads\/2025\/07\/Captura-de-ecra-2025-07-23-as-08.45.40.png\" alt=\"\" class=\"wp-image-746\" srcset=\"http:\/\/www.aelimadefaria.pt\/centroqualifica\/wp-content\/uploads\/2025\/07\/Captura-de-ecra-2025-07-23-as-08.45.40.png 500w, http:\/\/www.aelimadefaria.pt\/centroqualifica\/wp-content\/uploads\/2025\/07\/Captura-de-ecra-2025-07-23-as-08.45.40-300x300.png 300w, http:\/\/www.aelimadefaria.pt\/centroqualifica\/wp-content\/uploads\/2025\/07\/Captura-de-ecra-2025-07-23-as-08.45.40-150x150.png 150w, http:\/\/www.aelimadefaria.pt\/centroqualifica\/wp-content\/uploads\/2025\/07\/Captura-de-ecra-2025-07-23-as-08.45.40-200x200.png 200w, http:\/\/www.aelimadefaria.pt\/centroqualifica\/wp-content\/uploads\/2025\/07\/Captura-de-ecra-2025-07-23-as-08.45.40-100x100.png 100w, http:\/\/www.aelimadefaria.pt\/centroqualifica\/wp-content\/uploads\/2025\/07\/Captura-de-ecra-2025-07-23-as-08.45.40-40x40.png 40w\" sizes=\"auto, (max-width: 500px) 100vw, 500px\" \/><\/figure>\n","protected":false},"excerpt":{"rendered":"<p>O Centro Qualifica termina, assim, o ano letivo, com mais uma sess\u00e3o de certifica\u00e7\u00e3o muito bem sucedida! Mais tr\u00eas candidatos certificados atrav\u00e9s do processo RVCC N\u00edvel Secund\u00e1rio (12.\u00ba ano). Muitos Parab\u00e9ns ao Carlos Heleno, \u00e0 Goretti Batista, ao D\u00e1rio Rodelo, pelo empenho e pelo esfor\u00e7o recompensado! Felicidades! Que os projetos e os sonhos destes adultos, <a class=\"more-link\" href=\"http:\/\/www.aelimadefaria.pt\/centroqualifica\/2025\/07\/23\/rvcc-nivel-secundario-12-o-ano\/\">Read More &#8230;<\/a><\/p>\n","protected":false},"author":1,"featured_media":746,"comment_status":"closed","ping_status":"open","sticky":false,"template":"","format":"standard","meta":{"footnotes":""},"categories":[1],"tags":[],"class_list":["post-745","post","type-post","status-publish","format-standard","has-post-thumbnail","hentry","category-uncategorized"],"_links":{"self":[{"href":"http:\/\/www.aelimadefaria.pt\/centroqualifica\/wp-json\/wp\/v2\/posts\/745","targetHints":{"allow":["GET"]}}],"collection":[{"href":"http:\/\/www.aelimadefaria.pt\/centroqualifica\/wp-json\/wp\/v2\/posts"}],"about":[{"href":"http:\/\/www.aelimadefaria.pt\/centroqualifica\/wp-json\/wp\/v2\/types\/post"}],"author":[{"embeddable":true,"href":"http:\/\/www.aelimadefaria.pt\/centroqualifica\/wp-json\/wp\/v2\/users\/1"}],"replies":[{"embeddable":true,"href":"http:\/\/www.aelimadefaria.pt\/centroqualifica\/wp-json\/wp\/v2\/comments?post=745"}],"version-history":[{"count":1,"href":"http:\/\/www.aelimadefaria.pt\/centroqualifica\/wp-json\/wp\/v2\/posts\/745\/revisions"}],"predecessor-version":[{"id":747,"href":"http:\/\/www.aelimadefaria.pt\/centroqualifica\/wp-json\/wp\/v2\/posts\/745\/revisions\/747"}],"wp:featuredmedia":[{"embeddable":true,"href":"http:\/\/www.aelimadefaria.pt\/centroqualifica\/wp-json\/wp\/v2\/media\/746"}],"wp:attachment":[{"href":"http:\/\/www.aelimadefaria.pt\/centroqualifica\/wp-json\/wp\/v2\/media?parent=745"}],"wp:term":[{"taxonomy":"category","embeddable":true,"href":"http:\/\/www.aelimadefaria.pt\/centroqualifica\/wp-json\/wp\/v2\/categories?post=745"},{"taxonomy":"post_tag","embeddable":true,"href":"http:\/\/www.aelimadefaria.pt\/centroqualifica\/wp-json\/wp\/v2\/tags?post=745"}],"curies":[{"name":"wp","href":"https:\/\/api.w.org\/{rel}","templated":true}]}}