{"id":742,"date":"2025-07-23T07:54:46","date_gmt":"2025-07-23T07:54:46","guid":{"rendered":"https:\/\/www.aelimadefaria.pt\/centroqualifica\/?p=742"},"modified":"2025-07-23T07:56:03","modified_gmt":"2025-07-23T07:56:03","slug":"certificacao-em-rvcc-profissional-de-tecnico-de-redes-eletricas","status":"publish","type":"post","link":"http:\/\/www.aelimadefaria.pt\/centroqualifica\/2025\/07\/23\/certificacao-em-rvcc-profissional-de-tecnico-de-redes-eletricas\/","title":{"rendered":"Certifica\u00e7\u00e3o em RVCC Profissional de T\u00e9cnico de Redes El\u00e9tricas"},"content":{"rendered":"\n<p>Em final de ano letivo de 2024-2025, mais tr\u00eas candidatos obtiveram a certifica\u00e7\u00e3o em RVCC Profissional de T\u00e9cnico de Redes El\u00e9tricas. <\/p>\n\n\n\n<p>Muitos Parab\u00e9ns, Alejandro Araque, Ant\u00f3nio Vidal, Carlos Serra pela presta\u00e7\u00e3o excelente na prova de J\u00fari. <\/p>\n\n\n\n<p>Que alcancem todos os objetivos com muito sucesso. <\/p>\n\n\n\n<p>Fica, tamb\u00e9m, o nosso agradecimento aos Ex.mos membros do J\u00fari, pela sempre disponibilidade com que generosamente acompanham e partilham estes momentos com a equipa do Centro. <\/p>\n\n\n\n<p>Votos de boas f\u00e9rias e bom descanso! <\/p>\n\n\n\n<figure class=\"wp-block-image size-full\"><img loading=\"lazy\" decoding=\"async\" width=\"500\" height=\"500\" src=\"https:\/\/www.aelimadefaria.pt\/centroqualifica\/wp-content\/uploads\/2025\/07\/522663787_17911307115177899_3324565830699189040_n.jpg\" alt=\"\" class=\"wp-image-743\" srcset=\"http:\/\/www.aelimadefaria.pt\/centroqualifica\/wp-content\/uploads\/2025\/07\/522663787_17911307115177899_3324565830699189040_n.jpg 500w, http:\/\/www.aelimadefaria.pt\/centroqualifica\/wp-content\/uploads\/2025\/07\/522663787_17911307115177899_3324565830699189040_n-300x300.jpg 300w, http:\/\/www.aelimadefaria.pt\/centroqualifica\/wp-content\/uploads\/2025\/07\/522663787_17911307115177899_3324565830699189040_n-150x150.jpg 150w, http:\/\/www.aelimadefaria.pt\/centroqualifica\/wp-content\/uploads\/2025\/07\/522663787_17911307115177899_3324565830699189040_n-200x200.jpg 200w, http:\/\/www.aelimadefaria.pt\/centroqualifica\/wp-content\/uploads\/2025\/07\/522663787_17911307115177899_3324565830699189040_n-100x100.jpg 100w, http:\/\/www.aelimadefaria.pt\/centroqualifica\/wp-content\/uploads\/2025\/07\/522663787_17911307115177899_3324565830699189040_n-40x40.jpg 40w\" sizes=\"auto, (max-width: 500px) 100vw, 500px\" \/><\/figure>\n","protected":false},"excerpt":{"rendered":"<p>Em final de ano letivo de 2024-2025, mais tr\u00eas candidatos obtiveram a certifica\u00e7\u00e3o em RVCC Profissional de T\u00e9cnico de Redes El\u00e9tricas. Muitos Parab\u00e9ns, Alejandro Araque, Ant\u00f3nio Vidal, Carlos Serra pela presta\u00e7\u00e3o excelente na prova de J\u00fari. Que alcancem todos os objetivos com muito sucesso. Fica, tamb\u00e9m, o nosso agradecimento aos Ex.mos membros do J\u00fari, pela <a class=\"more-link\" href=\"http:\/\/www.aelimadefaria.pt\/centroqualifica\/2025\/07\/23\/certificacao-em-rvcc-profissional-de-tecnico-de-redes-eletricas\/\">Read More &#8230;<\/a><\/p>\n","protected":false},"author":1,"featured_media":743,"comment_status":"closed","ping_status":"open","sticky":false,"template":"","format":"standard","meta":{"footnotes":""},"categories":[1],"tags":[],"class_list":["post-742","post","type-post","status-publish","format-standard","has-post-thumbnail","hentry","category-uncategorized"],"_links":{"self":[{"href":"http:\/\/www.aelimadefaria.pt\/centroqualifica\/wp-json\/wp\/v2\/posts\/742","targetHints":{"allow":["GET"]}}],"collection":[{"href":"http:\/\/www.aelimadefaria.pt\/centroqualifica\/wp-json\/wp\/v2\/posts"}],"about":[{"href":"http:\/\/www.aelimadefaria.pt\/centroqualifica\/wp-json\/wp\/v2\/types\/post"}],"author":[{"embeddable":true,"href":"http:\/\/www.aelimadefaria.pt\/centroqualifica\/wp-json\/wp\/v2\/users\/1"}],"replies":[{"embeddable":true,"href":"http:\/\/www.aelimadefaria.pt\/centroqualifica\/wp-json\/wp\/v2\/comments?post=742"}],"version-history":[{"count":1,"href":"http:\/\/www.aelimadefaria.pt\/centroqualifica\/wp-json\/wp\/v2\/posts\/742\/revisions"}],"predecessor-version":[{"id":744,"href":"http:\/\/www.aelimadefaria.pt\/centroqualifica\/wp-json\/wp\/v2\/posts\/742\/revisions\/744"}],"wp:featuredmedia":[{"embeddable":true,"href":"http:\/\/www.aelimadefaria.pt\/centroqualifica\/wp-json\/wp\/v2\/media\/743"}],"wp:attachment":[{"href":"http:\/\/www.aelimadefaria.pt\/centroqualifica\/wp-json\/wp\/v2\/media?parent=742"}],"wp:term":[{"taxonomy":"category","embeddable":true,"href":"http:\/\/www.aelimadefaria.pt\/centroqualifica\/wp-json\/wp\/v2\/categories?post=742"},{"taxonomy":"post_tag","embeddable":true,"href":"http:\/\/www.aelimadefaria.pt\/centroqualifica\/wp-json\/wp\/v2\/tags?post=742"}],"curies":[{"name":"wp","href":"https:\/\/api.w.org\/{rel}","templated":true}]}}