{"id":738,"date":"2025-06-20T22:46:41","date_gmt":"2025-06-20T22:46:41","guid":{"rendered":"https:\/\/www.aelimadefaria.pt\/centroqualifica\/?p=738"},"modified":"2025-06-20T22:46:42","modified_gmt":"2025-06-20T22:46:42","slug":"oferta-formativa-2025-2026","status":"publish","type":"post","link":"http:\/\/www.aelimadefaria.pt\/centroqualifica\/2025\/06\/20\/oferta-formativa-2025-2026\/","title":{"rendered":"Oferta Formativa 2025-2026"},"content":{"rendered":"\n<p>RVCC &#8211; Conclus\u00e3o e Certifica\u00e7\u00e3o Escolar 6.\u00ba, 9.\u00ba e 12.\u00ba anos<\/p>\n\n\n\n<p>Certifica\u00e7\u00e3o Profissional T\u00e9cnico\/a Redes El\u00e9tricas; T\u00e9cnico\/a A\u00e7\u00e3o Educativa; T\u00e9cnico\/a Administrativo\/a; T\u00e9cnico\/a Geriatria<\/p>\n\n\n\n<p>Portugu\u00eas L\u00edngua de Acolhimento<\/p>\n\n\n\n<p>Forma\u00e7\u00e3o Modular Certificada &#8211; UFCD<\/p>\n\n\n\n<p>Inscri\u00e7\u00f5es abertas todo o ano<\/p>\n\n\n\n<figure class=\"wp-block-image size-large\"><img loading=\"lazy\" decoding=\"async\" width=\"410\" height=\"1024\" src=\"https:\/\/www.aelimadefaria.pt\/centroqualifica\/wp-content\/uploads\/2025\/06\/CentroQualifica-410x1024.png\" alt=\"\" class=\"wp-image-739\" srcset=\"http:\/\/www.aelimadefaria.pt\/centroqualifica\/wp-content\/uploads\/2025\/06\/CentroQualifica-410x1024.png 410w, http:\/\/www.aelimadefaria.pt\/centroqualifica\/wp-content\/uploads\/2025\/06\/CentroQualifica-120x300.png 120w, http:\/\/www.aelimadefaria.pt\/centroqualifica\/wp-content\/uploads\/2025\/06\/CentroQualifica.png 720w\" sizes=\"auto, (max-width: 410px) 100vw, 410px\" \/><\/figure>\n","protected":false},"excerpt":{"rendered":"<p>RVCC &#8211; Conclus\u00e3o e Certifica\u00e7\u00e3o Escolar 6.\u00ba, 9.\u00ba e 12.\u00ba anos Certifica\u00e7\u00e3o Profissional T\u00e9cnico\/a Redes El\u00e9tricas; T\u00e9cnico\/a A\u00e7\u00e3o Educativa; T\u00e9cnico\/a Administrativo\/a; T\u00e9cnico\/a Geriatria Portugu\u00eas L\u00edngua de Acolhimento Forma\u00e7\u00e3o Modular Certificada &#8211; UFCD Inscri\u00e7\u00f5es abertas todo o ano<\/p>\n","protected":false},"author":1,"featured_media":739,"comment_status":"closed","ping_status":"open","sticky":false,"template":"","format":"standard","meta":{"footnotes":""},"categories":[1],"tags":[],"class_list":["post-738","post","type-post","status-publish","format-standard","has-post-thumbnail","hentry","category-uncategorized"],"_links":{"self":[{"href":"http:\/\/www.aelimadefaria.pt\/centroqualifica\/wp-json\/wp\/v2\/posts\/738","targetHints":{"allow":["GET"]}}],"collection":[{"href":"http:\/\/www.aelimadefaria.pt\/centroqualifica\/wp-json\/wp\/v2\/posts"}],"about":[{"href":"http:\/\/www.aelimadefaria.pt\/centroqualifica\/wp-json\/wp\/v2\/types\/post"}],"author":[{"embeddable":true,"href":"http:\/\/www.aelimadefaria.pt\/centroqualifica\/wp-json\/wp\/v2\/users\/1"}],"replies":[{"embeddable":true,"href":"http:\/\/www.aelimadefaria.pt\/centroqualifica\/wp-json\/wp\/v2\/comments?post=738"}],"version-history":[{"count":1,"href":"http:\/\/www.aelimadefaria.pt\/centroqualifica\/wp-json\/wp\/v2\/posts\/738\/revisions"}],"predecessor-version":[{"id":740,"href":"http:\/\/www.aelimadefaria.pt\/centroqualifica\/wp-json\/wp\/v2\/posts\/738\/revisions\/740"}],"wp:featuredmedia":[{"embeddable":true,"href":"http:\/\/www.aelimadefaria.pt\/centroqualifica\/wp-json\/wp\/v2\/media\/739"}],"wp:attachment":[{"href":"http:\/\/www.aelimadefaria.pt\/centroqualifica\/wp-json\/wp\/v2\/media?parent=738"}],"wp:term":[{"taxonomy":"category","embeddable":true,"href":"http:\/\/www.aelimadefaria.pt\/centroqualifica\/wp-json\/wp\/v2\/categories?post=738"},{"taxonomy":"post_tag","embeddable":true,"href":"http:\/\/www.aelimadefaria.pt\/centroqualifica\/wp-json\/wp\/v2\/tags?post=738"}],"curies":[{"name":"wp","href":"https:\/\/api.w.org\/{rel}","templated":true}]}}