{"id":729,"date":"2025-06-10T08:07:08","date_gmt":"2025-06-10T08:07:08","guid":{"rendered":"https:\/\/www.aelimadefaria.pt\/centroqualifica\/?p=729"},"modified":"2025-06-10T08:11:56","modified_gmt":"2025-06-10T08:11:56","slug":"bolsas-de-estudo-para-jovens-ibero-americanos","status":"publish","type":"post","link":"http:\/\/www.aelimadefaria.pt\/centroqualifica\/2025\/06\/10\/bolsas-de-estudo-para-jovens-ibero-americanos\/","title":{"rendered":"Bolsas de estudo para jovens Ibero-americanos"},"content":{"rendered":"\n<p>O IPDJ &#8211; Instituto Portugu\u00eas do Desporto e Juventude, I.P. &#8211; associa-se \u00e0 iniciativa conjunta da Secretaria-Geral Ibero-Americana (SEGIB) e do Organismo Internacional de Juventude para a Ibero-Am\u00e9rica (OIJ) para a implementa\u00e7\u00e3o do Programa de Forma\u00e7\u00e3o em Compet\u00eancias Digitais para Jovens Ibero-Americanos.<\/p>\n\n\n\n<p>Queres dar um upgrade \u00e0s tuas skills digitais? Esta oportunidade \u00e9 para ti!&nbsp;<\/p>\n\n\n\n<p>At\u00e9 8 de junho.<\/p>\n\n\n\n<p>O que vais aprender?<\/p>\n\n\n\n<p>Ci\u00eancia de Dados (Python, SQL, Power BI)<\/p>\n\n\n\n<p>Intelig\u00eancia Artificial<\/p>\n\n\n\n<p>Desenvolvimento Web (JavaScript, React)<\/p>\n\n\n\n<p>Computa\u00e7\u00e3o em Nuvem<\/p>\n\n\n\n<p>Ciberseguran\u00e7a<\/p>\n\n\n\n<p>Soft Skills para o mercado de trabalho<\/p>\n\n\n\n<p>Dura\u00e7\u00e3o: 300 horas, ao teu ritmo, 100% online<\/p>\n\n\n\n<p>Idioma: Portugu\u00eas ou espanhol<\/p>\n\n\n\n<p>60% das bolsas s\u00e3o para jovens mulheres<\/p>\n\n\n\n<p>Idades: entre os 16 e os 35 anos<\/p>\n\n\n\n<p>N\u00e3o precisas de experi\u00eancia pr\u00e9via \u2014 s\u00f3 vontade de aprender!<\/p>\n\n\n\n<p>Candidaturas at\u00e9 8 de junho!<\/p>\n\n\n\n<p>Prepara-te para o mercado de trabalho do futuro. Inscreve-te j\u00e1!<\/p>\n\n\n\n<p>Candidata-te aqui!\u00a0<a href=\"https:\/\/forms.office.com\/e\/W3N4n7Vnne\">https:\/\/forms.office.com\/e\/W3N4n7Vnne<\/a><\/p>\n\n\n\n<p>Divulga, partilha, aproveita. O futuro \u00e9 digital \u2014 e come\u00e7a contigo!Para mais informa\u00e7\u00f5es sobre o programa, est\u00e1 dispon\u00edvel a p\u00e1gina oficial da SEGIB: <a href=\"https:\/\/www.segib.org\/...\/a-segib-lanca-6-000-bolsas-de...\">https:\/\/www.segib.org\/&#8230;\/a-segib-lanca-6-000-bolsas-de&#8230;<\/a><\/p>\n\n\n\n<figure class=\"wp-block-image size-full\"><img loading=\"lazy\" decoding=\"async\" width=\"500\" height=\"270\" src=\"https:\/\/www.aelimadefaria.pt\/centroqualifica\/wp-content\/uploads\/2025\/06\/Captura-de-ecra-2025-06-10-as-08.42.39-1.png\" alt=\"\" class=\"wp-image-730\" srcset=\"http:\/\/www.aelimadefaria.pt\/centroqualifica\/wp-content\/uploads\/2025\/06\/Captura-de-ecra-2025-06-10-as-08.42.39-1.png 500w, http:\/\/www.aelimadefaria.pt\/centroqualifica\/wp-content\/uploads\/2025\/06\/Captura-de-ecra-2025-06-10-as-08.42.39-1-300x162.png 300w\" sizes=\"auto, (max-width: 500px) 100vw, 500px\" \/><\/figure>\n","protected":false},"excerpt":{"rendered":"<p>O IPDJ &#8211; Instituto Portugu\u00eas do Desporto e Juventude, I.P. &#8211; associa-se \u00e0 iniciativa conjunta da Secretaria-Geral Ibero-Americana (SEGIB) e do Organismo Internacional de Juventude para a Ibero-Am\u00e9rica (OIJ) para a implementa\u00e7\u00e3o do Programa de Forma\u00e7\u00e3o em Compet\u00eancias Digitais para Jovens Ibero-Americanos. Queres dar um upgrade \u00e0s tuas skills digitais? Esta oportunidade \u00e9 para ti!&nbsp; <a class=\"more-link\" href=\"http:\/\/www.aelimadefaria.pt\/centroqualifica\/2025\/06\/10\/bolsas-de-estudo-para-jovens-ibero-americanos\/\">Read More &#8230;<\/a><\/p>\n","protected":false},"author":1,"featured_media":730,"comment_status":"closed","ping_status":"open","sticky":false,"template":"","format":"standard","meta":{"footnotes":""},"categories":[1],"tags":[],"class_list":["post-729","post","type-post","status-publish","format-standard","has-post-thumbnail","hentry","category-uncategorized"],"_links":{"self":[{"href":"http:\/\/www.aelimadefaria.pt\/centroqualifica\/wp-json\/wp\/v2\/posts\/729","targetHints":{"allow":["GET"]}}],"collection":[{"href":"http:\/\/www.aelimadefaria.pt\/centroqualifica\/wp-json\/wp\/v2\/posts"}],"about":[{"href":"http:\/\/www.aelimadefaria.pt\/centroqualifica\/wp-json\/wp\/v2\/types\/post"}],"author":[{"embeddable":true,"href":"http:\/\/www.aelimadefaria.pt\/centroqualifica\/wp-json\/wp\/v2\/users\/1"}],"replies":[{"embeddable":true,"href":"http:\/\/www.aelimadefaria.pt\/centroqualifica\/wp-json\/wp\/v2\/comments?post=729"}],"version-history":[{"count":5,"href":"http:\/\/www.aelimadefaria.pt\/centroqualifica\/wp-json\/wp\/v2\/posts\/729\/revisions"}],"predecessor-version":[{"id":736,"href":"http:\/\/www.aelimadefaria.pt\/centroqualifica\/wp-json\/wp\/v2\/posts\/729\/revisions\/736"}],"wp:featuredmedia":[{"embeddable":true,"href":"http:\/\/www.aelimadefaria.pt\/centroqualifica\/wp-json\/wp\/v2\/media\/730"}],"wp:attachment":[{"href":"http:\/\/www.aelimadefaria.pt\/centroqualifica\/wp-json\/wp\/v2\/media?parent=729"}],"wp:term":[{"taxonomy":"category","embeddable":true,"href":"http:\/\/www.aelimadefaria.pt\/centroqualifica\/wp-json\/wp\/v2\/categories?post=729"},{"taxonomy":"post_tag","embeddable":true,"href":"http:\/\/www.aelimadefaria.pt\/centroqualifica\/wp-json\/wp\/v2\/tags?post=729"}],"curies":[{"name":"wp","href":"https:\/\/api.w.org\/{rel}","templated":true}]}}