{"id":715,"date":"2025-05-12T23:06:31","date_gmt":"2025-05-12T23:06:31","guid":{"rendered":"https:\/\/www.aelimadefaria.pt\/centroqualifica\/?p=715"},"modified":"2025-05-12T23:06:32","modified_gmt":"2025-05-12T23:06:32","slug":"formacao-modular-certificada-inteligencia-emocional","status":"publish","type":"post","link":"http:\/\/www.aelimadefaria.pt\/centroqualifica\/2025\/05\/12\/formacao-modular-certificada-inteligencia-emocional\/","title":{"rendered":"Forma\u00e7\u00e3o Modular Certificada &#8211; Intelig\u00eancia Emocional"},"content":{"rendered":"\n<p><\/p>\n\n\n\n<p>Mais uma oferta de Forma\u00e7\u00e3o a iniciar muito em breve.<\/p>\n\n\n\n<p> Regime Presencial, na Escola Secund\u00e1ria Lima-de-Faria, Cantanhede. <\/p>\n\n\n\n<p>Inscreva-se e garanta a sua vaga.<\/p>\n\n\n\n<p> Para mais informa\u00e7\u00e3o, contacte-nos, tamb\u00e9m:  231 419 561<\/p>\n\n\n\n<figure class=\"wp-block-image size-full\"><img loading=\"lazy\" decoding=\"async\" width=\"500\" height=\"701\" src=\"https:\/\/www.aelimadefaria.pt\/centroqualifica\/wp-content\/uploads\/2025\/05\/497561924_1205606574589455_2673778507781450617_n.jpg\" alt=\"\" class=\"wp-image-716\" srcset=\"http:\/\/www.aelimadefaria.pt\/centroqualifica\/wp-content\/uploads\/2025\/05\/497561924_1205606574589455_2673778507781450617_n.jpg 500w, http:\/\/www.aelimadefaria.pt\/centroqualifica\/wp-content\/uploads\/2025\/05\/497561924_1205606574589455_2673778507781450617_n-214x300.jpg 214w\" sizes=\"auto, (max-width: 500px) 100vw, 500px\" \/><\/figure>\n","protected":false},"excerpt":{"rendered":"<p>Mais uma oferta de Forma\u00e7\u00e3o a iniciar muito em breve. Regime Presencial, na Escola Secund\u00e1ria Lima-de-Faria, Cantanhede. Inscreva-se e garanta a sua vaga. Para mais informa\u00e7\u00e3o, contacte-nos, tamb\u00e9m: 231 419 561<\/p>\n","protected":false},"author":1,"featured_media":716,"comment_status":"closed","ping_status":"open","sticky":false,"template":"","format":"standard","meta":{"footnotes":""},"categories":[1],"tags":[],"class_list":["post-715","post","type-post","status-publish","format-standard","has-post-thumbnail","hentry","category-uncategorized"],"_links":{"self":[{"href":"http:\/\/www.aelimadefaria.pt\/centroqualifica\/wp-json\/wp\/v2\/posts\/715","targetHints":{"allow":["GET"]}}],"collection":[{"href":"http:\/\/www.aelimadefaria.pt\/centroqualifica\/wp-json\/wp\/v2\/posts"}],"about":[{"href":"http:\/\/www.aelimadefaria.pt\/centroqualifica\/wp-json\/wp\/v2\/types\/post"}],"author":[{"embeddable":true,"href":"http:\/\/www.aelimadefaria.pt\/centroqualifica\/wp-json\/wp\/v2\/users\/1"}],"replies":[{"embeddable":true,"href":"http:\/\/www.aelimadefaria.pt\/centroqualifica\/wp-json\/wp\/v2\/comments?post=715"}],"version-history":[{"count":1,"href":"http:\/\/www.aelimadefaria.pt\/centroqualifica\/wp-json\/wp\/v2\/posts\/715\/revisions"}],"predecessor-version":[{"id":717,"href":"http:\/\/www.aelimadefaria.pt\/centroqualifica\/wp-json\/wp\/v2\/posts\/715\/revisions\/717"}],"wp:featuredmedia":[{"embeddable":true,"href":"http:\/\/www.aelimadefaria.pt\/centroqualifica\/wp-json\/wp\/v2\/media\/716"}],"wp:attachment":[{"href":"http:\/\/www.aelimadefaria.pt\/centroqualifica\/wp-json\/wp\/v2\/media?parent=715"}],"wp:term":[{"taxonomy":"category","embeddable":true,"href":"http:\/\/www.aelimadefaria.pt\/centroqualifica\/wp-json\/wp\/v2\/categories?post=715"},{"taxonomy":"post_tag","embeddable":true,"href":"http:\/\/www.aelimadefaria.pt\/centroqualifica\/wp-json\/wp\/v2\/tags?post=715"}],"curies":[{"name":"wp","href":"https:\/\/api.w.org\/{rel}","templated":true}]}}