{"id":492,"date":"2023-03-03T08:30:48","date_gmt":"2023-03-03T08:30:48","guid":{"rendered":"http:\/\/www.aelimadefaria.pt\/centroqualifica\/?p=492"},"modified":"2023-05-05T08:32:06","modified_gmt":"2023-05-05T08:32:06","slug":"entrega-de-diplomas-8","status":"publish","type":"post","link":"http:\/\/www.aelimadefaria.pt\/centroqualifica\/2023\/03\/03\/entrega-de-diplomas-8\/","title":{"rendered":"Entrega de diplomas"},"content":{"rendered":"\n<p>A Equipa do Centro Qualifica realizou no dia 28 de fevereiro mais uma sess\u00e3o de entrega de Diplomas e Certificados dos processos de Reconhecimento, Valida\u00e7\u00e3o e Certifica\u00e7\u00e3o de Compet\u00eancias (RVCC).<\/p>\n\n\n\n<p>Muitos Parab\u00e9ns!<\/p>\n\n\n\n<p>Seja o Pr\u00f3ximo a querer aumentar as suas Qualifica\u00e7\u00f5es Escolares e\/ou Profissionais com o Centro Qualifica do AELDF de Cantanhede.<\/p>\n\n\n\n<figure class=\"wp-block-image size-large\"><img loading=\"lazy\" decoding=\"async\" width=\"768\" height=\"1024\" src=\"http:\/\/www.aelimadefaria.pt\/centroqualifica\/wp-content\/uploads\/2023\/05\/331639101_1247759589491644_2815586192611268632_n-768x1024.jpg\" alt=\"\" class=\"wp-image-493\" srcset=\"http:\/\/www.aelimadefaria.pt\/centroqualifica\/wp-content\/uploads\/2023\/05\/331639101_1247759589491644_2815586192611268632_n-768x1024.jpg 768w, http:\/\/www.aelimadefaria.pt\/centroqualifica\/wp-content\/uploads\/2023\/05\/331639101_1247759589491644_2815586192611268632_n-225x300.jpg 225w, http:\/\/www.aelimadefaria.pt\/centroqualifica\/wp-content\/uploads\/2023\/05\/331639101_1247759589491644_2815586192611268632_n-1152x1536.jpg 1152w, http:\/\/www.aelimadefaria.pt\/centroqualifica\/wp-content\/uploads\/2023\/05\/331639101_1247759589491644_2815586192611268632_n.jpg 1536w\" sizes=\"auto, (max-width: 768px) 100vw, 768px\" \/><\/figure>\n","protected":false},"excerpt":{"rendered":"<p>A Equipa do Centro Qualifica realizou no dia 28 de fevereiro mais uma sess\u00e3o de entrega de Diplomas e Certificados dos processos de Reconhecimento, Valida\u00e7\u00e3o e Certifica\u00e7\u00e3o de Compet\u00eancias (RVCC). Muitos Parab\u00e9ns! Seja o Pr\u00f3ximo a querer aumentar as suas Qualifica\u00e7\u00f5es Escolares e\/ou Profissionais com o Centro Qualifica do AELDF de Cantanhede.<\/p>\n","protected":false},"author":1,"featured_media":493,"comment_status":"closed","ping_status":"open","sticky":false,"template":"","format":"standard","meta":{"footnotes":""},"categories":[1],"tags":[],"class_list":["post-492","post","type-post","status-publish","format-standard","has-post-thumbnail","hentry","category-uncategorized"],"_links":{"self":[{"href":"http:\/\/www.aelimadefaria.pt\/centroqualifica\/wp-json\/wp\/v2\/posts\/492","targetHints":{"allow":["GET"]}}],"collection":[{"href":"http:\/\/www.aelimadefaria.pt\/centroqualifica\/wp-json\/wp\/v2\/posts"}],"about":[{"href":"http:\/\/www.aelimadefaria.pt\/centroqualifica\/wp-json\/wp\/v2\/types\/post"}],"author":[{"embeddable":true,"href":"http:\/\/www.aelimadefaria.pt\/centroqualifica\/wp-json\/wp\/v2\/users\/1"}],"replies":[{"embeddable":true,"href":"http:\/\/www.aelimadefaria.pt\/centroqualifica\/wp-json\/wp\/v2\/comments?post=492"}],"version-history":[{"count":1,"href":"http:\/\/www.aelimadefaria.pt\/centroqualifica\/wp-json\/wp\/v2\/posts\/492\/revisions"}],"predecessor-version":[{"id":494,"href":"http:\/\/www.aelimadefaria.pt\/centroqualifica\/wp-json\/wp\/v2\/posts\/492\/revisions\/494"}],"wp:featuredmedia":[{"embeddable":true,"href":"http:\/\/www.aelimadefaria.pt\/centroqualifica\/wp-json\/wp\/v2\/media\/493"}],"wp:attachment":[{"href":"http:\/\/www.aelimadefaria.pt\/centroqualifica\/wp-json\/wp\/v2\/media?parent=492"}],"wp:term":[{"taxonomy":"category","embeddable":true,"href":"http:\/\/www.aelimadefaria.pt\/centroqualifica\/wp-json\/wp\/v2\/categories?post=492"},{"taxonomy":"post_tag","embeddable":true,"href":"http:\/\/www.aelimadefaria.pt\/centroqualifica\/wp-json\/wp\/v2\/tags?post=492"}],"curies":[{"name":"wp","href":"https:\/\/api.w.org\/{rel}","templated":true}]}}