{"id":446,"date":"2022-11-07T11:45:36","date_gmt":"2022-11-07T11:45:36","guid":{"rendered":"http:\/\/www.aelimadefaria.pt\/centroqualifica\/?p=446"},"modified":"2022-11-07T11:45:37","modified_gmt":"2022-11-07T11:45:37","slug":"entrega-de-diplomas-6","status":"publish","type":"post","link":"http:\/\/www.aelimadefaria.pt\/centroqualifica\/2022\/11\/07\/entrega-de-diplomas-6\/","title":{"rendered":"Entrega de diplomas"},"content":{"rendered":"\n<p>Foi com enorme satisfa\u00e7\u00e3o, que a Equipa do Centro Qualifica do Agrupamento de Escolas Lima-de-Faria de Cantanhede, realizou mais uma sess\u00e3o de entrega de Diplomas e Certificados de Qualifica\u00e7\u00e3o a adultos que conclu\u00edram o processo de Reconhecimento Valida\u00e7\u00e3o e Certifica\u00e7\u00e3o de Compet\u00eancias, com equival\u00eancia ao 12\u00ba ano de escolaridade. A T\u00e9cnica de Orienta\u00e7\u00e3o, a Equipa de Formadores, os Membros do J\u00fari e o Coordenador do Centro Qualifica, desejam o maior sucesso a todos os diplomados!<\/p>\n\n\n\n<figure class=\"wp-block-image size-large\"><img loading=\"lazy\" decoding=\"async\" width=\"1024\" height=\"576\" src=\"http:\/\/www.aelimadefaria.pt\/centroqualifica\/wp-content\/uploads\/2022\/11\/311068509_634286665054785_2037582728385976049_n-1024x576.jpg\" alt=\"\" class=\"wp-image-447\" srcset=\"http:\/\/www.aelimadefaria.pt\/centroqualifica\/wp-content\/uploads\/2022\/11\/311068509_634286665054785_2037582728385976049_n-1024x576.jpg 1024w, http:\/\/www.aelimadefaria.pt\/centroqualifica\/wp-content\/uploads\/2022\/11\/311068509_634286665054785_2037582728385976049_n-300x169.jpg 300w, http:\/\/www.aelimadefaria.pt\/centroqualifica\/wp-content\/uploads\/2022\/11\/311068509_634286665054785_2037582728385976049_n-768x432.jpg 768w, http:\/\/www.aelimadefaria.pt\/centroqualifica\/wp-content\/uploads\/2022\/11\/311068509_634286665054785_2037582728385976049_n-350x197.jpg 350w, http:\/\/www.aelimadefaria.pt\/centroqualifica\/wp-content\/uploads\/2022\/11\/311068509_634286665054785_2037582728385976049_n-860x484.jpg 860w, http:\/\/www.aelimadefaria.pt\/centroqualifica\/wp-content\/uploads\/2022\/11\/311068509_634286665054785_2037582728385976049_n.jpg 1280w\" sizes=\"auto, (max-width: 1024px) 100vw, 1024px\" \/><\/figure>\n\n\n\n<figure class=\"wp-block-image size-large\"><img loading=\"lazy\" decoding=\"async\" width=\"1024\" height=\"768\" src=\"http:\/\/www.aelimadefaria.pt\/centroqualifica\/wp-content\/uploads\/2022\/11\/311023550_634286781721440_2788496074579924548_n-1024x768.jpg\" alt=\"\" class=\"wp-image-448\" srcset=\"http:\/\/www.aelimadefaria.pt\/centroqualifica\/wp-content\/uploads\/2022\/11\/311023550_634286781721440_2788496074579924548_n-1024x768.jpg 1024w, http:\/\/www.aelimadefaria.pt\/centroqualifica\/wp-content\/uploads\/2022\/11\/311023550_634286781721440_2788496074579924548_n-300x225.jpg 300w, http:\/\/www.aelimadefaria.pt\/centroqualifica\/wp-content\/uploads\/2022\/11\/311023550_634286781721440_2788496074579924548_n-768x576.jpg 768w, http:\/\/www.aelimadefaria.pt\/centroqualifica\/wp-content\/uploads\/2022\/11\/311023550_634286781721440_2788496074579924548_n.jpg 1099w\" sizes=\"auto, (max-width: 1024px) 100vw, 1024px\" \/><\/figure>\n\n\n\n<figure class=\"wp-block-image size-full\"><img loading=\"lazy\" decoding=\"async\" width=\"450\" height=\"425\" src=\"http:\/\/www.aelimadefaria.pt\/centroqualifica\/wp-content\/uploads\/2022\/11\/312137505_634347038382081_2128331744587914610_n.jpg\" alt=\"\" class=\"wp-image-449\" srcset=\"http:\/\/www.aelimadefaria.pt\/centroqualifica\/wp-content\/uploads\/2022\/11\/312137505_634347038382081_2128331744587914610_n.jpg 450w, http:\/\/www.aelimadefaria.pt\/centroqualifica\/wp-content\/uploads\/2022\/11\/312137505_634347038382081_2128331744587914610_n-300x283.jpg 300w\" sizes=\"auto, (max-width: 450px) 100vw, 450px\" \/><\/figure>\n","protected":false},"excerpt":{"rendered":"<p>Foi com enorme satisfa\u00e7\u00e3o, que a Equipa do Centro Qualifica do Agrupamento de Escolas Lima-de-Faria de Cantanhede, realizou mais uma sess\u00e3o de entrega de Diplomas e Certificados de Qualifica\u00e7\u00e3o a adultos que conclu\u00edram o processo de Reconhecimento Valida\u00e7\u00e3o e Certifica\u00e7\u00e3o de Compet\u00eancias, com equival\u00eancia ao 12\u00ba ano de escolaridade. A T\u00e9cnica de Orienta\u00e7\u00e3o, a Equipa <a class=\"more-link\" href=\"http:\/\/www.aelimadefaria.pt\/centroqualifica\/2022\/11\/07\/entrega-de-diplomas-6\/\">Read More &#8230;<\/a><\/p>\n","protected":false},"author":1,"featured_media":447,"comment_status":"closed","ping_status":"open","sticky":false,"template":"","format":"standard","meta":{"footnotes":""},"categories":[1],"tags":[],"class_list":["post-446","post","type-post","status-publish","format-standard","has-post-thumbnail","hentry","category-uncategorized"],"_links":{"self":[{"href":"http:\/\/www.aelimadefaria.pt\/centroqualifica\/wp-json\/wp\/v2\/posts\/446","targetHints":{"allow":["GET"]}}],"collection":[{"href":"http:\/\/www.aelimadefaria.pt\/centroqualifica\/wp-json\/wp\/v2\/posts"}],"about":[{"href":"http:\/\/www.aelimadefaria.pt\/centroqualifica\/wp-json\/wp\/v2\/types\/post"}],"author":[{"embeddable":true,"href":"http:\/\/www.aelimadefaria.pt\/centroqualifica\/wp-json\/wp\/v2\/users\/1"}],"replies":[{"embeddable":true,"href":"http:\/\/www.aelimadefaria.pt\/centroqualifica\/wp-json\/wp\/v2\/comments?post=446"}],"version-history":[{"count":1,"href":"http:\/\/www.aelimadefaria.pt\/centroqualifica\/wp-json\/wp\/v2\/posts\/446\/revisions"}],"predecessor-version":[{"id":450,"href":"http:\/\/www.aelimadefaria.pt\/centroqualifica\/wp-json\/wp\/v2\/posts\/446\/revisions\/450"}],"wp:featuredmedia":[{"embeddable":true,"href":"http:\/\/www.aelimadefaria.pt\/centroqualifica\/wp-json\/wp\/v2\/media\/447"}],"wp:attachment":[{"href":"http:\/\/www.aelimadefaria.pt\/centroqualifica\/wp-json\/wp\/v2\/media?parent=446"}],"wp:term":[{"taxonomy":"category","embeddable":true,"href":"http:\/\/www.aelimadefaria.pt\/centroqualifica\/wp-json\/wp\/v2\/categories?post=446"},{"taxonomy":"post_tag","embeddable":true,"href":"http:\/\/www.aelimadefaria.pt\/centroqualifica\/wp-json\/wp\/v2\/tags?post=446"}],"curies":[{"name":"wp","href":"https:\/\/api.w.org\/{rel}","templated":true}]}}