{"id":412,"date":"2022-03-10T15:01:20","date_gmt":"2022-03-10T15:01:20","guid":{"rendered":"http:\/\/www.aelimadefaria.pt\/centroqualifica\/?p=412"},"modified":"2022-03-10T15:01:22","modified_gmt":"2022-03-10T15:01:22","slug":"juris-de-certificacao-fevereiro-de-2022","status":"publish","type":"post","link":"http:\/\/www.aelimadefaria.pt\/centroqualifica\/2022\/03\/10\/juris-de-certificacao-fevereiro-de-2022\/","title":{"rendered":"J\u00faris de certifica\u00e7\u00e3o \u2013 fevereiro de 2022"},"content":{"rendered":"\n<p>Na quarta feira, dia 23 de fevereiro, a equipa do Centro Qualifica do AELDF realizou mais uma sess\u00e3o de J\u00fari de Certifica\u00e7\u00e3o de n\u00edvel B\u00e1sico (NB3). Estes adultos, viram as suas compet\u00eancias adquiridas ao longo da vida, serem Certificadas, com equival\u00eancia ao 9\u00ba ano de escolaridade. Parabenizamos os adultos e desejamos a todos as maiores felicidades!<\/p>\n\n\n\n<figure class=\"wp-block-image size-full\"><img loading=\"lazy\" decoding=\"async\" width=\"576\" height=\"789\" src=\"http:\/\/www.aelimadefaria.pt\/centroqualifica\/wp-content\/uploads\/2022\/03\/274607620_2092015767628450_6028655809172793508_n.jpg\" alt=\"\" class=\"wp-image-413\" srcset=\"http:\/\/www.aelimadefaria.pt\/centroqualifica\/wp-content\/uploads\/2022\/03\/274607620_2092015767628450_6028655809172793508_n.jpg 576w, http:\/\/www.aelimadefaria.pt\/centroqualifica\/wp-content\/uploads\/2022\/03\/274607620_2092015767628450_6028655809172793508_n-219x300.jpg 219w\" sizes=\"auto, (max-width: 576px) 100vw, 576px\" \/><\/figure>\n","protected":false},"excerpt":{"rendered":"<p>Na quarta feira, dia 23 de fevereiro, a equipa do Centro Qualifica do AELDF realizou mais uma sess\u00e3o de J\u00fari de Certifica\u00e7\u00e3o de n\u00edvel B\u00e1sico (NB3). Estes adultos, viram as suas compet\u00eancias adquiridas ao longo da vida, serem Certificadas, com equival\u00eancia ao 9\u00ba ano de escolaridade. Parabenizamos os adultos e desejamos a todos as maiores <a class=\"more-link\" href=\"http:\/\/www.aelimadefaria.pt\/centroqualifica\/2022\/03\/10\/juris-de-certificacao-fevereiro-de-2022\/\">Read More &#8230;<\/a><\/p>\n","protected":false},"author":1,"featured_media":413,"comment_status":"closed","ping_status":"open","sticky":false,"template":"","format":"standard","meta":{"footnotes":""},"categories":[1],"tags":[],"class_list":["post-412","post","type-post","status-publish","format-standard","has-post-thumbnail","hentry","category-uncategorized"],"_links":{"self":[{"href":"http:\/\/www.aelimadefaria.pt\/centroqualifica\/wp-json\/wp\/v2\/posts\/412","targetHints":{"allow":["GET"]}}],"collection":[{"href":"http:\/\/www.aelimadefaria.pt\/centroqualifica\/wp-json\/wp\/v2\/posts"}],"about":[{"href":"http:\/\/www.aelimadefaria.pt\/centroqualifica\/wp-json\/wp\/v2\/types\/post"}],"author":[{"embeddable":true,"href":"http:\/\/www.aelimadefaria.pt\/centroqualifica\/wp-json\/wp\/v2\/users\/1"}],"replies":[{"embeddable":true,"href":"http:\/\/www.aelimadefaria.pt\/centroqualifica\/wp-json\/wp\/v2\/comments?post=412"}],"version-history":[{"count":1,"href":"http:\/\/www.aelimadefaria.pt\/centroqualifica\/wp-json\/wp\/v2\/posts\/412\/revisions"}],"predecessor-version":[{"id":414,"href":"http:\/\/www.aelimadefaria.pt\/centroqualifica\/wp-json\/wp\/v2\/posts\/412\/revisions\/414"}],"wp:featuredmedia":[{"embeddable":true,"href":"http:\/\/www.aelimadefaria.pt\/centroqualifica\/wp-json\/wp\/v2\/media\/413"}],"wp:attachment":[{"href":"http:\/\/www.aelimadefaria.pt\/centroqualifica\/wp-json\/wp\/v2\/media?parent=412"}],"wp:term":[{"taxonomy":"category","embeddable":true,"href":"http:\/\/www.aelimadefaria.pt\/centroqualifica\/wp-json\/wp\/v2\/categories?post=412"},{"taxonomy":"post_tag","embeddable":true,"href":"http:\/\/www.aelimadefaria.pt\/centroqualifica\/wp-json\/wp\/v2\/tags?post=412"}],"curies":[{"name":"wp","href":"https:\/\/api.w.org\/{rel}","templated":true}]}}