{"id":407,"date":"2022-02-25T10:26:08","date_gmt":"2022-02-25T10:26:08","guid":{"rendered":"http:\/\/www.aelimadefaria.pt\/centroqualifica\/?p=407"},"modified":"2022-02-25T10:26:10","modified_gmt":"2022-02-25T10:26:10","slug":"entrega-de-diplomas-e-certificados","status":"publish","type":"post","link":"http:\/\/www.aelimadefaria.pt\/centroqualifica\/2022\/02\/25\/entrega-de-diplomas-e-certificados\/","title":{"rendered":"Entrega de Diplomas e Certificados"},"content":{"rendered":"\n<p>A Equipa do Centro Qualifica do Agrupamento de Escolas Lima-de-Faria, teve a honra de realizar mais uma entrega de Diplomas e Certificados, obtidos atrav\u00e9s do processo de Reconhecimento, Valida\u00e7\u00e3o e Certifica\u00e7\u00e3o de Compet\u00eancias (RVCC) de N\u00edvel Secund\u00e1rio.Parab\u00e9ns aos diplomados e votos de muito sucesso!<\/p>\n\n\n\n<figure class=\"wp-block-image size-large\"><img loading=\"lazy\" decoding=\"async\" width=\"1024\" height=\"807\" src=\"http:\/\/www.aelimadefaria.pt\/centroqualifica\/wp-content\/uploads\/2022\/02\/272317143_2068014710028556_3257301682528474428_n-1024x807.jpg\" alt=\"\" class=\"wp-image-408\" srcset=\"http:\/\/www.aelimadefaria.pt\/centroqualifica\/wp-content\/uploads\/2022\/02\/272317143_2068014710028556_3257301682528474428_n-1024x807.jpg 1024w, http:\/\/www.aelimadefaria.pt\/centroqualifica\/wp-content\/uploads\/2022\/02\/272317143_2068014710028556_3257301682528474428_n-300x236.jpg 300w, http:\/\/www.aelimadefaria.pt\/centroqualifica\/wp-content\/uploads\/2022\/02\/272317143_2068014710028556_3257301682528474428_n-768x605.jpg 768w, http:\/\/www.aelimadefaria.pt\/centroqualifica\/wp-content\/uploads\/2022\/02\/272317143_2068014710028556_3257301682528474428_n-1536x1210.jpg 1536w, http:\/\/www.aelimadefaria.pt\/centroqualifica\/wp-content\/uploads\/2022\/02\/272317143_2068014710028556_3257301682528474428_n.jpg 1989w\" sizes=\"auto, (max-width: 1024px) 100vw, 1024px\" \/><\/figure>\n\n\n\n<figure class=\"wp-block-image size-large\"><img loading=\"lazy\" decoding=\"async\" width=\"1024\" height=\"779\" src=\"http:\/\/www.aelimadefaria.pt\/centroqualifica\/wp-content\/uploads\/2022\/02\/272340247_2068014606695233_7045569015160573543_n-1024x779.jpg\" alt=\"\" class=\"wp-image-409\" srcset=\"http:\/\/www.aelimadefaria.pt\/centroqualifica\/wp-content\/uploads\/2022\/02\/272340247_2068014606695233_7045569015160573543_n-1024x779.jpg 1024w, http:\/\/www.aelimadefaria.pt\/centroqualifica\/wp-content\/uploads\/2022\/02\/272340247_2068014606695233_7045569015160573543_n-300x228.jpg 300w, http:\/\/www.aelimadefaria.pt\/centroqualifica\/wp-content\/uploads\/2022\/02\/272340247_2068014606695233_7045569015160573543_n-768x584.jpg 768w, http:\/\/www.aelimadefaria.pt\/centroqualifica\/wp-content\/uploads\/2022\/02\/272340247_2068014606695233_7045569015160573543_n-1536x1169.jpg 1536w, http:\/\/www.aelimadefaria.pt\/centroqualifica\/wp-content\/uploads\/2022\/02\/272340247_2068014606695233_7045569015160573543_n.jpg 1973w\" sizes=\"auto, (max-width: 1024px) 100vw, 1024px\" \/><\/figure>\n","protected":false},"excerpt":{"rendered":"<p>A Equipa do Centro Qualifica do Agrupamento de Escolas Lima-de-Faria, teve a honra de realizar mais uma entrega de Diplomas e Certificados, obtidos atrav\u00e9s do processo de Reconhecimento, Valida\u00e7\u00e3o e Certifica\u00e7\u00e3o de Compet\u00eancias (RVCC) de N\u00edvel Secund\u00e1rio.Parab\u00e9ns aos diplomados e votos de muito sucesso!<\/p>\n","protected":false},"author":1,"featured_media":409,"comment_status":"closed","ping_status":"open","sticky":false,"template":"","format":"standard","meta":{"footnotes":""},"categories":[1],"tags":[],"class_list":["post-407","post","type-post","status-publish","format-standard","has-post-thumbnail","hentry","category-uncategorized"],"_links":{"self":[{"href":"http:\/\/www.aelimadefaria.pt\/centroqualifica\/wp-json\/wp\/v2\/posts\/407","targetHints":{"allow":["GET"]}}],"collection":[{"href":"http:\/\/www.aelimadefaria.pt\/centroqualifica\/wp-json\/wp\/v2\/posts"}],"about":[{"href":"http:\/\/www.aelimadefaria.pt\/centroqualifica\/wp-json\/wp\/v2\/types\/post"}],"author":[{"embeddable":true,"href":"http:\/\/www.aelimadefaria.pt\/centroqualifica\/wp-json\/wp\/v2\/users\/1"}],"replies":[{"embeddable":true,"href":"http:\/\/www.aelimadefaria.pt\/centroqualifica\/wp-json\/wp\/v2\/comments?post=407"}],"version-history":[{"count":1,"href":"http:\/\/www.aelimadefaria.pt\/centroqualifica\/wp-json\/wp\/v2\/posts\/407\/revisions"}],"predecessor-version":[{"id":410,"href":"http:\/\/www.aelimadefaria.pt\/centroqualifica\/wp-json\/wp\/v2\/posts\/407\/revisions\/410"}],"wp:featuredmedia":[{"embeddable":true,"href":"http:\/\/www.aelimadefaria.pt\/centroqualifica\/wp-json\/wp\/v2\/media\/409"}],"wp:attachment":[{"href":"http:\/\/www.aelimadefaria.pt\/centroqualifica\/wp-json\/wp\/v2\/media?parent=407"}],"wp:term":[{"taxonomy":"category","embeddable":true,"href":"http:\/\/www.aelimadefaria.pt\/centroqualifica\/wp-json\/wp\/v2\/categories?post=407"},{"taxonomy":"post_tag","embeddable":true,"href":"http:\/\/www.aelimadefaria.pt\/centroqualifica\/wp-json\/wp\/v2\/tags?post=407"}],"curies":[{"name":"wp","href":"https:\/\/api.w.org\/{rel}","templated":true}]}}