{"id":401,"date":"2022-02-25T10:24:16","date_gmt":"2022-02-25T10:24:16","guid":{"rendered":"http:\/\/www.aelimadefaria.pt\/centroqualifica\/?p=401"},"modified":"2022-02-25T10:24:18","modified_gmt":"2022-02-25T10:24:18","slug":"juris-de-certificacao-dezembro-de-2021","status":"publish","type":"post","link":"http:\/\/www.aelimadefaria.pt\/centroqualifica\/2022\/02\/25\/juris-de-certificacao-dezembro-de-2021\/","title":{"rendered":"J\u00faris de certifica\u00e7\u00e3o \u2013 dezembro de 2021"},"content":{"rendered":"\n<p>A equipa do Centro Qualifica do Agrupamento de Escolas Lima-de-Faria de Cantanhede, certificou no dia 9 de dezembro, mais 6 adultos ao n\u00edvel do 12\u00ba ano de escolaridade. Parabenizamos todos os Diplomados pela resili\u00eancia, empenho e dedica\u00e7\u00e3o ao longo de todo o processo de RVCC.Parab\u00e9ns a toda a equipa, nomeadamente, \u00e0 T\u00e9cnica de Orienta\u00e7\u00e3o, a todos os Formadores, aos Membros do J\u00fari e ao Coordenador pelo esfor\u00e7o envolvido na realiza\u00e7\u00e3o deste processo. Ontem foi um dia importante na vida dos adultos certificados, com a entrega dos respetivos Diplomas.Muitos parab\u00e9ns a todos e votos de que esta Certifica\u00e7\u00e3o, seja o trampolim para uma nova etapa recheada de sucesso!<\/p>\n\n\n\n<figure class=\"wp-block-image size-large\"><img loading=\"lazy\" decoding=\"async\" width=\"764\" height=\"1024\" src=\"http:\/\/www.aelimadefaria.pt\/centroqualifica\/wp-content\/uploads\/2022\/02\/267389543_2040503376113023_6731668020868625151_n-764x1024.jpg\" alt=\"\" class=\"wp-image-402\" srcset=\"http:\/\/www.aelimadefaria.pt\/centroqualifica\/wp-content\/uploads\/2022\/02\/267389543_2040503376113023_6731668020868625151_n-764x1024.jpg 764w, http:\/\/www.aelimadefaria.pt\/centroqualifica\/wp-content\/uploads\/2022\/02\/267389543_2040503376113023_6731668020868625151_n-224x300.jpg 224w, http:\/\/www.aelimadefaria.pt\/centroqualifica\/wp-content\/uploads\/2022\/02\/267389543_2040503376113023_6731668020868625151_n-768x1029.jpg 768w, http:\/\/www.aelimadefaria.pt\/centroqualifica\/wp-content\/uploads\/2022\/02\/267389543_2040503376113023_6731668020868625151_n-1146x1536.jpg 1146w, http:\/\/www.aelimadefaria.pt\/centroqualifica\/wp-content\/uploads\/2022\/02\/267389543_2040503376113023_6731668020868625151_n.jpg 1504w\" sizes=\"auto, (max-width: 764px) 100vw, 764px\" \/><\/figure>\n\n\n\n<figure class=\"wp-block-image size-large\"><img loading=\"lazy\" decoding=\"async\" width=\"764\" height=\"1024\" src=\"http:\/\/www.aelimadefaria.pt\/centroqualifica\/wp-content\/uploads\/2022\/02\/267497260_2040503292779698_8904506431780198828_n-764x1024.jpg\" alt=\"\" class=\"wp-image-403\" srcset=\"http:\/\/www.aelimadefaria.pt\/centroqualifica\/wp-content\/uploads\/2022\/02\/267497260_2040503292779698_8904506431780198828_n-764x1024.jpg 764w, http:\/\/www.aelimadefaria.pt\/centroqualifica\/wp-content\/uploads\/2022\/02\/267497260_2040503292779698_8904506431780198828_n-224x300.jpg 224w, http:\/\/www.aelimadefaria.pt\/centroqualifica\/wp-content\/uploads\/2022\/02\/267497260_2040503292779698_8904506431780198828_n-768x1029.jpg 768w, http:\/\/www.aelimadefaria.pt\/centroqualifica\/wp-content\/uploads\/2022\/02\/267497260_2040503292779698_8904506431780198828_n-1146x1536.jpg 1146w, http:\/\/www.aelimadefaria.pt\/centroqualifica\/wp-content\/uploads\/2022\/02\/267497260_2040503292779698_8904506431780198828_n.jpg 1504w\" sizes=\"auto, (max-width: 764px) 100vw, 764px\" \/><\/figure>\n\n\n\n<figure class=\"wp-block-image size-large\"><img loading=\"lazy\" decoding=\"async\" width=\"764\" height=\"1024\" src=\"http:\/\/www.aelimadefaria.pt\/centroqualifica\/wp-content\/uploads\/2022\/02\/267503470_2040503489446345_5246733331360344629_n-764x1024.jpg\" alt=\"\" class=\"wp-image-404\" srcset=\"http:\/\/www.aelimadefaria.pt\/centroqualifica\/wp-content\/uploads\/2022\/02\/267503470_2040503489446345_5246733331360344629_n-764x1024.jpg 764w, http:\/\/www.aelimadefaria.pt\/centroqualifica\/wp-content\/uploads\/2022\/02\/267503470_2040503489446345_5246733331360344629_n-224x300.jpg 224w, http:\/\/www.aelimadefaria.pt\/centroqualifica\/wp-content\/uploads\/2022\/02\/267503470_2040503489446345_5246733331360344629_n-768x1029.jpg 768w, http:\/\/www.aelimadefaria.pt\/centroqualifica\/wp-content\/uploads\/2022\/02\/267503470_2040503489446345_5246733331360344629_n-1146x1536.jpg 1146w, http:\/\/www.aelimadefaria.pt\/centroqualifica\/wp-content\/uploads\/2022\/02\/267503470_2040503489446345_5246733331360344629_n.jpg 1504w\" sizes=\"auto, (max-width: 764px) 100vw, 764px\" \/><\/figure>\n\n\n\n<figure class=\"wp-block-image size-large\"><img loading=\"lazy\" decoding=\"async\" width=\"764\" height=\"1024\" src=\"http:\/\/www.aelimadefaria.pt\/centroqualifica\/wp-content\/uploads\/2022\/02\/267614872_2040503422779685_5173361254199230883_n-764x1024.jpg\" alt=\"\" class=\"wp-image-405\" srcset=\"http:\/\/www.aelimadefaria.pt\/centroqualifica\/wp-content\/uploads\/2022\/02\/267614872_2040503422779685_5173361254199230883_n-764x1024.jpg 764w, http:\/\/www.aelimadefaria.pt\/centroqualifica\/wp-content\/uploads\/2022\/02\/267614872_2040503422779685_5173361254199230883_n-224x300.jpg 224w, http:\/\/www.aelimadefaria.pt\/centroqualifica\/wp-content\/uploads\/2022\/02\/267614872_2040503422779685_5173361254199230883_n-768x1029.jpg 768w, http:\/\/www.aelimadefaria.pt\/centroqualifica\/wp-content\/uploads\/2022\/02\/267614872_2040503422779685_5173361254199230883_n-1146x1536.jpg 1146w, http:\/\/www.aelimadefaria.pt\/centroqualifica\/wp-content\/uploads\/2022\/02\/267614872_2040503422779685_5173361254199230883_n.jpg 1504w\" sizes=\"auto, (max-width: 764px) 100vw, 764px\" \/><\/figure>\n","protected":false},"excerpt":{"rendered":"<p>A equipa do Centro Qualifica do Agrupamento de Escolas Lima-de-Faria de Cantanhede, certificou no dia 9 de dezembro, mais 6 adultos ao n\u00edvel do 12\u00ba ano de escolaridade. Parabenizamos todos os Diplomados pela resili\u00eancia, empenho e dedica\u00e7\u00e3o ao longo de todo o processo de RVCC.Parab\u00e9ns a toda a equipa, nomeadamente, \u00e0 T\u00e9cnica de Orienta\u00e7\u00e3o, a <a class=\"more-link\" href=\"http:\/\/www.aelimadefaria.pt\/centroqualifica\/2022\/02\/25\/juris-de-certificacao-dezembro-de-2021\/\">Read More &#8230;<\/a><\/p>\n","protected":false},"author":1,"featured_media":402,"comment_status":"closed","ping_status":"open","sticky":false,"template":"","format":"standard","meta":{"footnotes":""},"categories":[1],"tags":[],"class_list":["post-401","post","type-post","status-publish","format-standard","has-post-thumbnail","hentry","category-uncategorized"],"_links":{"self":[{"href":"http:\/\/www.aelimadefaria.pt\/centroqualifica\/wp-json\/wp\/v2\/posts\/401","targetHints":{"allow":["GET"]}}],"collection":[{"href":"http:\/\/www.aelimadefaria.pt\/centroqualifica\/wp-json\/wp\/v2\/posts"}],"about":[{"href":"http:\/\/www.aelimadefaria.pt\/centroqualifica\/wp-json\/wp\/v2\/types\/post"}],"author":[{"embeddable":true,"href":"http:\/\/www.aelimadefaria.pt\/centroqualifica\/wp-json\/wp\/v2\/users\/1"}],"replies":[{"embeddable":true,"href":"http:\/\/www.aelimadefaria.pt\/centroqualifica\/wp-json\/wp\/v2\/comments?post=401"}],"version-history":[{"count":1,"href":"http:\/\/www.aelimadefaria.pt\/centroqualifica\/wp-json\/wp\/v2\/posts\/401\/revisions"}],"predecessor-version":[{"id":406,"href":"http:\/\/www.aelimadefaria.pt\/centroqualifica\/wp-json\/wp\/v2\/posts\/401\/revisions\/406"}],"wp:featuredmedia":[{"embeddable":true,"href":"http:\/\/www.aelimadefaria.pt\/centroqualifica\/wp-json\/wp\/v2\/media\/402"}],"wp:attachment":[{"href":"http:\/\/www.aelimadefaria.pt\/centroqualifica\/wp-json\/wp\/v2\/media?parent=401"}],"wp:term":[{"taxonomy":"category","embeddable":true,"href":"http:\/\/www.aelimadefaria.pt\/centroqualifica\/wp-json\/wp\/v2\/categories?post=401"},{"taxonomy":"post_tag","embeddable":true,"href":"http:\/\/www.aelimadefaria.pt\/centroqualifica\/wp-json\/wp\/v2\/tags?post=401"}],"curies":[{"name":"wp","href":"https:\/\/api.w.org\/{rel}","templated":true}]}}