{"id":335,"date":"2021-02-09T20:01:22","date_gmt":"2021-02-09T20:01:22","guid":{"rendered":"http:\/\/www.aelimadefaria.pt\/centroqualifica\/?p=335"},"modified":"2021-03-13T18:25:04","modified_gmt":"2021-03-13T18:25:04","slug":"juris-de-certificacao-dezembro-de-2020","status":"publish","type":"post","link":"http:\/\/www.aelimadefaria.pt\/centroqualifica\/2021\/02\/09\/juris-de-certificacao-dezembro-de-2020\/","title":{"rendered":"J\u00faris de certifica\u00e7\u00e3o \u2013 dezembro de 2020"},"content":{"rendered":"\n<p>A equipa do Centro Qualifica, realizou esta semana mais duas sess\u00f5es de J\u00fari de Certifica\u00e7\u00e3o de N\u00edvel B\u00e1sico e de N\u00edvel Secund\u00e1rio atrav\u00e9s de videoconfer\u00eancia. Em regime presencial ou \u00e0 dist\u00e2ncia, temos conseguido acompanhar os nossos candidatos em forma\u00e7\u00e3o e temos realizado sess\u00f5es de J\u00fari de Certifica\u00e7\u00e3o, de n\u00edvel B\u00e1sico e Secund\u00e1rio. Pretendemos recordar ou dar a conhecer esta possibilidade de qualquer pessoa adulta, poder aumentar as suas qualifica\u00e7\u00f5es Escolares e\/ou Profissionais, atrav\u00e9s do processo de Reconhecimento de Compet\u00eancias, baseado na sua pr\u00f3pria hist\u00f3ria de vida.Parab\u00e9ns e votos de muito sucesso a todos os formandos que obtiveram a sua certifica\u00e7\u00e3o ao n\u00edvel do 9\u00ba ano e do 12\u00ba ano de escolaridade.<\/p>\n\n\n\n<figure class=\"wp-block-image size-large\"><img loading=\"lazy\" decoding=\"async\" width=\"766\" height=\"568\" src=\"http:\/\/www.aelimadefaria.pt\/centroqualifica\/wp-content\/uploads\/2021\/02\/131022899_1756895231140507_7420580451022231680_n.jpg\" alt=\"\" class=\"wp-image-336\" srcset=\"http:\/\/www.aelimadefaria.pt\/centroqualifica\/wp-content\/uploads\/2021\/02\/131022899_1756895231140507_7420580451022231680_n.jpg 766w, http:\/\/www.aelimadefaria.pt\/centroqualifica\/wp-content\/uploads\/2021\/02\/131022899_1756895231140507_7420580451022231680_n-300x222.jpg 300w\" sizes=\"auto, (max-width: 766px) 100vw, 766px\" \/><\/figure>\n\n\n\n<figure class=\"wp-block-image size-large\"><img loading=\"lazy\" decoding=\"async\" width=\"766\" height=\"568\" src=\"http:\/\/www.aelimadefaria.pt\/centroqualifica\/wp-content\/uploads\/2021\/02\/131060727_1756895044473859_1544298303880582166_n.jpg\" alt=\"\" class=\"wp-image-337\" srcset=\"http:\/\/www.aelimadefaria.pt\/centroqualifica\/wp-content\/uploads\/2021\/02\/131060727_1756895044473859_1544298303880582166_n.jpg 766w, http:\/\/www.aelimadefaria.pt\/centroqualifica\/wp-content\/uploads\/2021\/02\/131060727_1756895044473859_1544298303880582166_n-300x222.jpg 300w\" sizes=\"auto, (max-width: 766px) 100vw, 766px\" \/><\/figure>\n\n\n\n<figure class=\"wp-block-image size-large\"><img loading=\"lazy\" decoding=\"async\" width=\"843\" height=\"625\" src=\"http:\/\/www.aelimadefaria.pt\/centroqualifica\/wp-content\/uploads\/2021\/02\/131150657_1756894644473899_3283857426129644285_n.jpg\" alt=\"\" class=\"wp-image-338\" srcset=\"http:\/\/www.aelimadefaria.pt\/centroqualifica\/wp-content\/uploads\/2021\/02\/131150657_1756894644473899_3283857426129644285_n.jpg 843w, http:\/\/www.aelimadefaria.pt\/centroqualifica\/wp-content\/uploads\/2021\/02\/131150657_1756894644473899_3283857426129644285_n-300x222.jpg 300w, http:\/\/www.aelimadefaria.pt\/centroqualifica\/wp-content\/uploads\/2021\/02\/131150657_1756894644473899_3283857426129644285_n-768x569.jpg 768w\" sizes=\"auto, (max-width: 843px) 100vw, 843px\" \/><\/figure>\n\n\n\n<figure class=\"wp-block-image size-large\"><img loading=\"lazy\" decoding=\"async\" width=\"1024\" height=\"576\" src=\"http:\/\/www.aelimadefaria.pt\/centroqualifica\/wp-content\/uploads\/2021\/02\/131316158_1756894574473906_8040923615253735930_o-1024x576.jpg\" alt=\"\" class=\"wp-image-339\" srcset=\"http:\/\/www.aelimadefaria.pt\/centroqualifica\/wp-content\/uploads\/2021\/02\/131316158_1756894574473906_8040923615253735930_o-1024x576.jpg 1024w, http:\/\/www.aelimadefaria.pt\/centroqualifica\/wp-content\/uploads\/2021\/02\/131316158_1756894574473906_8040923615253735930_o-300x169.jpg 300w, http:\/\/www.aelimadefaria.pt\/centroqualifica\/wp-content\/uploads\/2021\/02\/131316158_1756894574473906_8040923615253735930_o-768x432.jpg 768w, http:\/\/www.aelimadefaria.pt\/centroqualifica\/wp-content\/uploads\/2021\/02\/131316158_1756894574473906_8040923615253735930_o-350x197.jpg 350w, http:\/\/www.aelimadefaria.pt\/centroqualifica\/wp-content\/uploads\/2021\/02\/131316158_1756894574473906_8040923615253735930_o-860x484.jpg 860w, http:\/\/www.aelimadefaria.pt\/centroqualifica\/wp-content\/uploads\/2021\/02\/131316158_1756894574473906_8040923615253735930_o.jpg 1366w\" sizes=\"auto, (max-width: 1024px) 100vw, 1024px\" \/><\/figure>\n","protected":false},"excerpt":{"rendered":"<p>A equipa do Centro Qualifica, realizou esta semana mais duas sess\u00f5es de J\u00fari de Certifica\u00e7\u00e3o de N\u00edvel B\u00e1sico e de N\u00edvel Secund\u00e1rio atrav\u00e9s de videoconfer\u00eancia. Em regime presencial ou \u00e0 dist\u00e2ncia, temos conseguido acompanhar os nossos candidatos em forma\u00e7\u00e3o e temos realizado sess\u00f5es de J\u00fari de Certifica\u00e7\u00e3o, de n\u00edvel B\u00e1sico e Secund\u00e1rio. Pretendemos recordar ou <a class=\"more-link\" href=\"http:\/\/www.aelimadefaria.pt\/centroqualifica\/2021\/02\/09\/juris-de-certificacao-dezembro-de-2020\/\">Read More &#8230;<\/a><\/p>\n","protected":false},"author":1,"featured_media":339,"comment_status":"closed","ping_status":"open","sticky":false,"template":"","format":"standard","meta":{"footnotes":""},"categories":[1],"tags":[],"class_list":["post-335","post","type-post","status-publish","format-standard","has-post-thumbnail","hentry","category-uncategorized"],"_links":{"self":[{"href":"http:\/\/www.aelimadefaria.pt\/centroqualifica\/wp-json\/wp\/v2\/posts\/335","targetHints":{"allow":["GET"]}}],"collection":[{"href":"http:\/\/www.aelimadefaria.pt\/centroqualifica\/wp-json\/wp\/v2\/posts"}],"about":[{"href":"http:\/\/www.aelimadefaria.pt\/centroqualifica\/wp-json\/wp\/v2\/types\/post"}],"author":[{"embeddable":true,"href":"http:\/\/www.aelimadefaria.pt\/centroqualifica\/wp-json\/wp\/v2\/users\/1"}],"replies":[{"embeddable":true,"href":"http:\/\/www.aelimadefaria.pt\/centroqualifica\/wp-json\/wp\/v2\/comments?post=335"}],"version-history":[{"count":1,"href":"http:\/\/www.aelimadefaria.pt\/centroqualifica\/wp-json\/wp\/v2\/posts\/335\/revisions"}],"predecessor-version":[{"id":340,"href":"http:\/\/www.aelimadefaria.pt\/centroqualifica\/wp-json\/wp\/v2\/posts\/335\/revisions\/340"}],"wp:featuredmedia":[{"embeddable":true,"href":"http:\/\/www.aelimadefaria.pt\/centroqualifica\/wp-json\/wp\/v2\/media\/339"}],"wp:attachment":[{"href":"http:\/\/www.aelimadefaria.pt\/centroqualifica\/wp-json\/wp\/v2\/media?parent=335"}],"wp:term":[{"taxonomy":"category","embeddable":true,"href":"http:\/\/www.aelimadefaria.pt\/centroqualifica\/wp-json\/wp\/v2\/categories?post=335"},{"taxonomy":"post_tag","embeddable":true,"href":"http:\/\/www.aelimadefaria.pt\/centroqualifica\/wp-json\/wp\/v2\/tags?post=335"}],"curies":[{"name":"wp","href":"https:\/\/api.w.org\/{rel}","templated":true}]}}