{"id":312,"date":"2021-02-09T19:45:55","date_gmt":"2021-02-09T19:45:55","guid":{"rendered":"http:\/\/www.aelimadefaria.pt\/centroqualifica\/?p=312"},"modified":"2021-03-13T18:25:04","modified_gmt":"2021-03-13T18:25:04","slug":"juris-de-certificacao-profissional-outubro-de-2020-2","status":"publish","type":"post","link":"http:\/\/www.aelimadefaria.pt\/centroqualifica\/2021\/02\/09\/juris-de-certificacao-profissional-outubro-de-2020-2\/","title":{"rendered":"J\u00faris de certifica\u00e7\u00e3o profissional \u2013 outubro de 2020"},"content":{"rendered":"\n<p>A Equipa do Centro Qualifica do Agrupamento de Escolas Lima-de-Faria, realizou, no dia e 12 de outubro de 2020, uma sess\u00e3o de J\u00fari de Certifica\u00e7\u00e3o Profissional no \u00e2mbito do Processo de Reconhecimento, Valida\u00e7\u00e3o e Certifica\u00e7\u00e3o de Compet\u00eancias Profissionais, na \u00e1rea de Qualifica\u00e7\u00e3o T\u00e9cnico\/a Administrativo\/a.Esta Prova de Certifica\u00e7\u00e3o, foi realizada perante um J\u00fari, constitu\u00eddo pelos T\u00e9cnicos de Orienta\u00e7\u00e3o Reconhecimento, Valida\u00e7\u00e3o e Certifica\u00e7\u00e3o de Compet\u00eancias, pelo Formador que acompanhou os candidatos, por dois Formadores Externos da \u00e1rea de Certifica\u00e7\u00e3o, um Representante Empresarial da \u00e1rea e um Representante Sindical da \u00e1rea certificada.Foi com grande empenho que este grupo de candidatas, se prestou \u00e0 Prova de J\u00fari de Certifica\u00e7\u00e3o.\u00c9 com bastante orgulho, que a Equipa do Centro Qualifica participa em momentos t\u00e3o significativos para a vida de cada um dos novos diplomados.Desejamos as maiores Felicidades para todos!<\/p>\n\n\n\n<figure class=\"wp-block-image size-large\"><img loading=\"lazy\" decoding=\"async\" width=\"437\" height=\"318\" src=\"http:\/\/www.aelimadefaria.pt\/centroqualifica\/wp-content\/uploads\/2021\/02\/121669567_1702011143295583_6077483602653368421_n.jpg\" alt=\"\" class=\"wp-image-313\" srcset=\"http:\/\/www.aelimadefaria.pt\/centroqualifica\/wp-content\/uploads\/2021\/02\/121669567_1702011143295583_6077483602653368421_n.jpg 437w, http:\/\/www.aelimadefaria.pt\/centroqualifica\/wp-content\/uploads\/2021\/02\/121669567_1702011143295583_6077483602653368421_n-300x218.jpg 300w\" sizes=\"auto, (max-width: 437px) 100vw, 437px\" \/><\/figure>\n\n\n\n<figure class=\"wp-block-image size-large\"><img loading=\"lazy\" decoding=\"async\" width=\"800\" height=\"593\" src=\"http:\/\/www.aelimadefaria.pt\/centroqualifica\/wp-content\/uploads\/2021\/02\/121589940_1702010209962343_6768305122261732629_n.jpg\" alt=\"\" class=\"wp-image-314\" srcset=\"http:\/\/www.aelimadefaria.pt\/centroqualifica\/wp-content\/uploads\/2021\/02\/121589940_1702010209962343_6768305122261732629_n.jpg 800w, http:\/\/www.aelimadefaria.pt\/centroqualifica\/wp-content\/uploads\/2021\/02\/121589940_1702010209962343_6768305122261732629_n-300x222.jpg 300w, http:\/\/www.aelimadefaria.pt\/centroqualifica\/wp-content\/uploads\/2021\/02\/121589940_1702010209962343_6768305122261732629_n-768x569.jpg 768w\" sizes=\"auto, (max-width: 800px) 100vw, 800px\" \/><\/figure>\n\n\n\n<figure class=\"wp-block-image size-large\"><img loading=\"lazy\" decoding=\"async\" width=\"800\" height=\"593\" src=\"http:\/\/www.aelimadefaria.pt\/centroqualifica\/wp-content\/uploads\/2021\/02\/121585751_1702010283295669_6842194340985083175_n.jpg\" alt=\"\" class=\"wp-image-315\" srcset=\"http:\/\/www.aelimadefaria.pt\/centroqualifica\/wp-content\/uploads\/2021\/02\/121585751_1702010283295669_6842194340985083175_n.jpg 800w, http:\/\/www.aelimadefaria.pt\/centroqualifica\/wp-content\/uploads\/2021\/02\/121585751_1702010283295669_6842194340985083175_n-300x222.jpg 300w, http:\/\/www.aelimadefaria.pt\/centroqualifica\/wp-content\/uploads\/2021\/02\/121585751_1702010283295669_6842194340985083175_n-768x569.jpg 768w\" sizes=\"auto, (max-width: 800px) 100vw, 800px\" \/><\/figure>\n","protected":false},"excerpt":{"rendered":"<p>A Equipa do Centro Qualifica do Agrupamento de Escolas Lima-de-Faria, realizou, no dia e 12 de outubro de 2020, uma sess\u00e3o de J\u00fari de Certifica\u00e7\u00e3o Profissional no \u00e2mbito do Processo de Reconhecimento, Valida\u00e7\u00e3o e Certifica\u00e7\u00e3o de Compet\u00eancias Profissionais, na \u00e1rea de Qualifica\u00e7\u00e3o T\u00e9cnico\/a Administrativo\/a.Esta Prova de Certifica\u00e7\u00e3o, foi realizada perante um J\u00fari, constitu\u00eddo pelos T\u00e9cnicos <a class=\"more-link\" href=\"http:\/\/www.aelimadefaria.pt\/centroqualifica\/2021\/02\/09\/juris-de-certificacao-profissional-outubro-de-2020-2\/\">Read More &#8230;<\/a><\/p>\n","protected":false},"author":1,"featured_media":315,"comment_status":"closed","ping_status":"open","sticky":false,"template":"","format":"standard","meta":{"footnotes":""},"categories":[1],"tags":[],"class_list":["post-312","post","type-post","status-publish","format-standard","has-post-thumbnail","hentry","category-uncategorized"],"_links":{"self":[{"href":"http:\/\/www.aelimadefaria.pt\/centroqualifica\/wp-json\/wp\/v2\/posts\/312","targetHints":{"allow":["GET"]}}],"collection":[{"href":"http:\/\/www.aelimadefaria.pt\/centroqualifica\/wp-json\/wp\/v2\/posts"}],"about":[{"href":"http:\/\/www.aelimadefaria.pt\/centroqualifica\/wp-json\/wp\/v2\/types\/post"}],"author":[{"embeddable":true,"href":"http:\/\/www.aelimadefaria.pt\/centroqualifica\/wp-json\/wp\/v2\/users\/1"}],"replies":[{"embeddable":true,"href":"http:\/\/www.aelimadefaria.pt\/centroqualifica\/wp-json\/wp\/v2\/comments?post=312"}],"version-history":[{"count":1,"href":"http:\/\/www.aelimadefaria.pt\/centroqualifica\/wp-json\/wp\/v2\/posts\/312\/revisions"}],"predecessor-version":[{"id":316,"href":"http:\/\/www.aelimadefaria.pt\/centroqualifica\/wp-json\/wp\/v2\/posts\/312\/revisions\/316"}],"wp:featuredmedia":[{"embeddable":true,"href":"http:\/\/www.aelimadefaria.pt\/centroqualifica\/wp-json\/wp\/v2\/media\/315"}],"wp:attachment":[{"href":"http:\/\/www.aelimadefaria.pt\/centroqualifica\/wp-json\/wp\/v2\/media?parent=312"}],"wp:term":[{"taxonomy":"category","embeddable":true,"href":"http:\/\/www.aelimadefaria.pt\/centroqualifica\/wp-json\/wp\/v2\/categories?post=312"},{"taxonomy":"post_tag","embeddable":true,"href":"http:\/\/www.aelimadefaria.pt\/centroqualifica\/wp-json\/wp\/v2\/tags?post=312"}],"curies":[{"name":"wp","href":"https:\/\/api.w.org\/{rel}","templated":true}]}}