{"id":295,"date":"2020-10-13T14:55:26","date_gmt":"2020-10-13T14:55:26","guid":{"rendered":"http:\/\/www.aelimadefaria.pt\/centroqualifica\/?p=295"},"modified":"2021-03-13T18:25:04","modified_gmt":"2021-03-13T18:25:04","slug":"juris-de-certificacao-outubro-de-2020","status":"publish","type":"post","link":"http:\/\/www.aelimadefaria.pt\/centroqualifica\/2020\/10\/13\/juris-de-certificacao-outubro-de-2020\/","title":{"rendered":"J\u00faris de certifica\u00e7\u00e3o NS \u2013 outubro de 2020"},"content":{"rendered":"\n<p>A Equipa do Centro Qualifica do Agrupamento de Escolas Lima-de-Faria, realizou mais uma Sess\u00e3o de J\u00fari de Certifica\u00e7\u00e3o de N\u00edvel Secund\u00e1rio (12\u00ba ano de Escolaridade), no dia 7 de outubro de 2020, atrav\u00e9s de videoconfer\u00eancia.<br>Congratulamos os 13 diplomados e desejamos-lhes as maiores felicidades.<\/p>\n\n\n\n<figure class=\"wp-block-image size-large\"><img loading=\"lazy\" decoding=\"async\" width=\"960\" height=\"711\" src=\"http:\/\/www.aelimadefaria.pt\/centroqualifica\/wp-content\/uploads\/2020\/10\/121078398_1695220940641270_1116412941880397821_o.jpg\" alt=\"\" class=\"wp-image-296\" srcset=\"http:\/\/www.aelimadefaria.pt\/centroqualifica\/wp-content\/uploads\/2020\/10\/121078398_1695220940641270_1116412941880397821_o.jpg 960w, http:\/\/www.aelimadefaria.pt\/centroqualifica\/wp-content\/uploads\/2020\/10\/121078398_1695220940641270_1116412941880397821_o-300x222.jpg 300w, http:\/\/www.aelimadefaria.pt\/centroqualifica\/wp-content\/uploads\/2020\/10\/121078398_1695220940641270_1116412941880397821_o-768x569.jpg 768w\" sizes=\"auto, (max-width: 960px) 100vw, 960px\" \/><\/figure>\n\n\n\n<figure class=\"wp-block-image size-large\"><img loading=\"lazy\" decoding=\"async\" width=\"960\" height=\"711\" src=\"http:\/\/www.aelimadefaria.pt\/centroqualifica\/wp-content\/uploads\/2020\/10\/121104607_1695221127307918_2544936546648260934_o.jpg\" alt=\"\" class=\"wp-image-297\" srcset=\"http:\/\/www.aelimadefaria.pt\/centroqualifica\/wp-content\/uploads\/2020\/10\/121104607_1695221127307918_2544936546648260934_o.jpg 960w, http:\/\/www.aelimadefaria.pt\/centroqualifica\/wp-content\/uploads\/2020\/10\/121104607_1695221127307918_2544936546648260934_o-300x222.jpg 300w, http:\/\/www.aelimadefaria.pt\/centroqualifica\/wp-content\/uploads\/2020\/10\/121104607_1695221127307918_2544936546648260934_o-768x569.jpg 768w\" sizes=\"auto, (max-width: 960px) 100vw, 960px\" \/><\/figure>\n","protected":false},"excerpt":{"rendered":"<p>A Equipa do Centro Qualifica do Agrupamento de Escolas Lima-de-Faria, realizou mais uma Sess\u00e3o de J\u00fari de Certifica\u00e7\u00e3o de N\u00edvel Secund\u00e1rio (12\u00ba ano de Escolaridade), no dia 7 de outubro de 2020, atrav\u00e9s de videoconfer\u00eancia.Congratulamos os 13 diplomados e desejamos-lhes as maiores felicidades.<\/p>\n","protected":false},"author":1,"featured_media":296,"comment_status":"closed","ping_status":"open","sticky":false,"template":"","format":"standard","meta":{"footnotes":""},"categories":[1],"tags":[],"class_list":["post-295","post","type-post","status-publish","format-standard","has-post-thumbnail","hentry","category-uncategorized"],"_links":{"self":[{"href":"http:\/\/www.aelimadefaria.pt\/centroqualifica\/wp-json\/wp\/v2\/posts\/295","targetHints":{"allow":["GET"]}}],"collection":[{"href":"http:\/\/www.aelimadefaria.pt\/centroqualifica\/wp-json\/wp\/v2\/posts"}],"about":[{"href":"http:\/\/www.aelimadefaria.pt\/centroqualifica\/wp-json\/wp\/v2\/types\/post"}],"author":[{"embeddable":true,"href":"http:\/\/www.aelimadefaria.pt\/centroqualifica\/wp-json\/wp\/v2\/users\/1"}],"replies":[{"embeddable":true,"href":"http:\/\/www.aelimadefaria.pt\/centroqualifica\/wp-json\/wp\/v2\/comments?post=295"}],"version-history":[{"count":2,"href":"http:\/\/www.aelimadefaria.pt\/centroqualifica\/wp-json\/wp\/v2\/posts\/295\/revisions"}],"predecessor-version":[{"id":308,"href":"http:\/\/www.aelimadefaria.pt\/centroqualifica\/wp-json\/wp\/v2\/posts\/295\/revisions\/308"}],"wp:featuredmedia":[{"embeddable":true,"href":"http:\/\/www.aelimadefaria.pt\/centroqualifica\/wp-json\/wp\/v2\/media\/296"}],"wp:attachment":[{"href":"http:\/\/www.aelimadefaria.pt\/centroqualifica\/wp-json\/wp\/v2\/media?parent=295"}],"wp:term":[{"taxonomy":"category","embeddable":true,"href":"http:\/\/www.aelimadefaria.pt\/centroqualifica\/wp-json\/wp\/v2\/categories?post=295"},{"taxonomy":"post_tag","embeddable":true,"href":"http:\/\/www.aelimadefaria.pt\/centroqualifica\/wp-json\/wp\/v2\/tags?post=295"}],"curies":[{"name":"wp","href":"https:\/\/api.w.org\/{rel}","templated":true}]}}