{"id":276,"date":"2020-04-06T11:56:33","date_gmt":"2020-04-06T11:56:33","guid":{"rendered":"http:\/\/www.aelimadefaria.pt\/centroqualifica\/?p=276"},"modified":"2021-03-13T18:25:04","modified_gmt":"2021-03-13T18:25:04","slug":"funcionamento-do-centro-qualifica","status":"publish","type":"post","link":"http:\/\/www.aelimadefaria.pt\/centroqualifica\/2020\/04\/06\/funcionamento-do-centro-qualifica\/","title":{"rendered":"Funcionamento do Centro Qualifica"},"content":{"rendered":"\n<p>Apesar das recentes altera\u00e7\u00f5es, no  Centro Qualifica do Agrupamento \nde Escolas Lima-de-Faria, todos os procedimentos t\u00e9cnicos mant\u00e9m-se em \nregime de teletrabalho. <\/p>\n\n\n\n<p> Este \u00e9 o momento para aproveitarem! <br> Aumentem o vosso Grau de Escolaridade at\u00e9 ao 12\u00ba ano! <\/p>\n\n\n\n<p> Relembramos:<\/p>\n\n\n\n<p> \u2022 Aceitamos  inscri\u00e7\u00f5es que mostrem interesse em frequentar o processo de RVCC;<\/p>\n\n\n\n<p> \u2022 \u00c9 poss\u00edvel iniciar j\u00e1 novos grupos nas condi\u00e7\u00f5es acima referidas;<\/p>\n\n\n\n<p> Assim que poss\u00edvel, voltaremos \u00e1s sess\u00f5es presenciais.<\/p>\n\n\n\n<p> Agendem atendimento \u00e0 dist\u00e2ncia atrav\u00e9s do e-mail: centroqualifica@aelimadefaria.pt<\/p>\n","protected":false},"excerpt":{"rendered":"<p>Apesar das recentes altera\u00e7\u00f5es, no Centro Qualifica do Agrupamento de Escolas Lima-de-Faria, todos os procedimentos t\u00e9cnicos mant\u00e9m-se em regime de teletrabalho. Este \u00e9 o momento para aproveitarem! Aumentem o vosso Grau de Escolaridade at\u00e9 ao 12\u00ba ano! Relembramos: \u2022 Aceitamos inscri\u00e7\u00f5es que mostrem interesse em frequentar o processo de RVCC; \u2022 \u00c9 poss\u00edvel iniciar j\u00e1 <a class=\"more-link\" href=\"http:\/\/www.aelimadefaria.pt\/centroqualifica\/2020\/04\/06\/funcionamento-do-centro-qualifica\/\">Read More &#8230;<\/a><\/p>\n","protected":false},"author":1,"featured_media":0,"comment_status":"closed","ping_status":"open","sticky":false,"template":"","format":"standard","meta":{"footnotes":""},"categories":[1],"tags":[],"class_list":["post-276","post","type-post","status-publish","format-standard","hentry","category-uncategorized"],"_links":{"self":[{"href":"http:\/\/www.aelimadefaria.pt\/centroqualifica\/wp-json\/wp\/v2\/posts\/276","targetHints":{"allow":["GET"]}}],"collection":[{"href":"http:\/\/www.aelimadefaria.pt\/centroqualifica\/wp-json\/wp\/v2\/posts"}],"about":[{"href":"http:\/\/www.aelimadefaria.pt\/centroqualifica\/wp-json\/wp\/v2\/types\/post"}],"author":[{"embeddable":true,"href":"http:\/\/www.aelimadefaria.pt\/centroqualifica\/wp-json\/wp\/v2\/users\/1"}],"replies":[{"embeddable":true,"href":"http:\/\/www.aelimadefaria.pt\/centroqualifica\/wp-json\/wp\/v2\/comments?post=276"}],"version-history":[{"count":1,"href":"http:\/\/www.aelimadefaria.pt\/centroqualifica\/wp-json\/wp\/v2\/posts\/276\/revisions"}],"predecessor-version":[{"id":277,"href":"http:\/\/www.aelimadefaria.pt\/centroqualifica\/wp-json\/wp\/v2\/posts\/276\/revisions\/277"}],"wp:attachment":[{"href":"http:\/\/www.aelimadefaria.pt\/centroqualifica\/wp-json\/wp\/v2\/media?parent=276"}],"wp:term":[{"taxonomy":"category","embeddable":true,"href":"http:\/\/www.aelimadefaria.pt\/centroqualifica\/wp-json\/wp\/v2\/categories?post=276"},{"taxonomy":"post_tag","embeddable":true,"href":"http:\/\/www.aelimadefaria.pt\/centroqualifica\/wp-json\/wp\/v2\/tags?post=276"}],"curies":[{"name":"wp","href":"https:\/\/api.w.org\/{rel}","templated":true}]}}