{"id":266,"date":"2020-03-13T11:52:37","date_gmt":"2020-03-13T11:52:37","guid":{"rendered":"http:\/\/www.aelimadefaria.pt\/centroqualifica\/?p=266"},"modified":"2021-03-13T18:25:04","modified_gmt":"2021-03-13T18:25:04","slug":"juris-de-certificacao-junho-de-2019-3","status":"publish","type":"post","link":"http:\/\/www.aelimadefaria.pt\/centroqualifica\/2020\/03\/13\/juris-de-certificacao-junho-de-2019-3\/","title":{"rendered":"J\u00faris de certifica\u00e7\u00e3o \u2013 mar\u00e7o de 2020"},"content":{"rendered":"\n<p>A Equipa do Centro Qualifica do Agrupamento de Escolas Lima-de-Faria realizou mais uma Sess\u00e3o de J\u00fari de Certifica\u00e7\u00e3o de NB3 (9\u00ba ano de Escolaridade), no dia 4 de mar\u00e7o de 2020.<br>Foi uma honra e um privil\u00e9gio assistir a um momento t\u00e3o significativo na vida de cada um destes candidatos. Congratulamos cada um dos diplomados e desejamos-lhes as maiores felicidades.<\/p>\n\n\n\n<figure class=\"wp-block-image\"><img loading=\"lazy\" decoding=\"async\" width=\"960\" height=\"720\" src=\"http:\/\/www.aelimadefaria.pt\/centroqualifica\/wp-content\/uploads\/2020\/03\/89816755_1503815076448525_4034951174196035584_n.jpg\" alt=\"\" class=\"wp-image-267\" srcset=\"http:\/\/www.aelimadefaria.pt\/centroqualifica\/wp-content\/uploads\/2020\/03\/89816755_1503815076448525_4034951174196035584_n.jpg 960w, http:\/\/www.aelimadefaria.pt\/centroqualifica\/wp-content\/uploads\/2020\/03\/89816755_1503815076448525_4034951174196035584_n-300x225.jpg 300w, http:\/\/www.aelimadefaria.pt\/centroqualifica\/wp-content\/uploads\/2020\/03\/89816755_1503815076448525_4034951174196035584_n-768x576.jpg 768w\" sizes=\"auto, (max-width: 960px) 100vw, 960px\" \/><\/figure>\n\n\n\n<figure class=\"wp-block-image\"><img loading=\"lazy\" decoding=\"async\" width=\"1024\" height=\"768\" src=\"http:\/\/www.aelimadefaria.pt\/centroqualifica\/wp-content\/uploads\/2020\/03\/89808910_1503815689781797_103204658213814272_o-1024x768.jpg\" alt=\"\" class=\"wp-image-268\" srcset=\"http:\/\/www.aelimadefaria.pt\/centroqualifica\/wp-content\/uploads\/2020\/03\/89808910_1503815689781797_103204658213814272_o-1024x768.jpg 1024w, http:\/\/www.aelimadefaria.pt\/centroqualifica\/wp-content\/uploads\/2020\/03\/89808910_1503815689781797_103204658213814272_o-300x225.jpg 300w, http:\/\/www.aelimadefaria.pt\/centroqualifica\/wp-content\/uploads\/2020\/03\/89808910_1503815689781797_103204658213814272_o-768x576.jpg 768w, http:\/\/www.aelimadefaria.pt\/centroqualifica\/wp-content\/uploads\/2020\/03\/89808910_1503815689781797_103204658213814272_o.jpg 1728w\" sizes=\"auto, (max-width: 1024px) 100vw, 1024px\" \/><\/figure>\n","protected":false},"excerpt":{"rendered":"<p>A Equipa do Centro Qualifica do Agrupamento de Escolas Lima-de-Faria realizou mais uma Sess\u00e3o de J\u00fari de Certifica\u00e7\u00e3o de NB3 (9\u00ba ano de Escolaridade), no dia 4 de mar\u00e7o de 2020.Foi uma honra e um privil\u00e9gio assistir a um momento t\u00e3o significativo na vida de cada um destes candidatos. Congratulamos cada um dos diplomados e <a class=\"more-link\" href=\"http:\/\/www.aelimadefaria.pt\/centroqualifica\/2020\/03\/13\/juris-de-certificacao-junho-de-2019-3\/\">Read More &#8230;<\/a><\/p>\n","protected":false},"author":1,"featured_media":267,"comment_status":"closed","ping_status":"open","sticky":false,"template":"","format":"standard","meta":{"footnotes":""},"categories":[1],"tags":[],"class_list":["post-266","post","type-post","status-publish","format-standard","has-post-thumbnail","hentry","category-uncategorized"],"_links":{"self":[{"href":"http:\/\/www.aelimadefaria.pt\/centroqualifica\/wp-json\/wp\/v2\/posts\/266","targetHints":{"allow":["GET"]}}],"collection":[{"href":"http:\/\/www.aelimadefaria.pt\/centroqualifica\/wp-json\/wp\/v2\/posts"}],"about":[{"href":"http:\/\/www.aelimadefaria.pt\/centroqualifica\/wp-json\/wp\/v2\/types\/post"}],"author":[{"embeddable":true,"href":"http:\/\/www.aelimadefaria.pt\/centroqualifica\/wp-json\/wp\/v2\/users\/1"}],"replies":[{"embeddable":true,"href":"http:\/\/www.aelimadefaria.pt\/centroqualifica\/wp-json\/wp\/v2\/comments?post=266"}],"version-history":[{"count":2,"href":"http:\/\/www.aelimadefaria.pt\/centroqualifica\/wp-json\/wp\/v2\/posts\/266\/revisions"}],"predecessor-version":[{"id":271,"href":"http:\/\/www.aelimadefaria.pt\/centroqualifica\/wp-json\/wp\/v2\/posts\/266\/revisions\/271"}],"wp:featuredmedia":[{"embeddable":true,"href":"http:\/\/www.aelimadefaria.pt\/centroqualifica\/wp-json\/wp\/v2\/media\/267"}],"wp:attachment":[{"href":"http:\/\/www.aelimadefaria.pt\/centroqualifica\/wp-json\/wp\/v2\/media?parent=266"}],"wp:term":[{"taxonomy":"category","embeddable":true,"href":"http:\/\/www.aelimadefaria.pt\/centroqualifica\/wp-json\/wp\/v2\/categories?post=266"},{"taxonomy":"post_tag","embeddable":true,"href":"http:\/\/www.aelimadefaria.pt\/centroqualifica\/wp-json\/wp\/v2\/tags?post=266"}],"curies":[{"name":"wp","href":"https:\/\/api.w.org\/{rel}","templated":true}]}}