{"id":242,"date":"2019-11-15T13:52:19","date_gmt":"2019-11-15T13:52:19","guid":{"rendered":"http:\/\/www.aelimadefaria.pt\/centroqualifica\/?p=242"},"modified":"2021-03-13T18:25:04","modified_gmt":"2021-03-13T18:25:04","slug":"juris-de-certificacao-junho-de-2019-2","status":"publish","type":"post","link":"http:\/\/www.aelimadefaria.pt\/centroqualifica\/2019\/11\/15\/juris-de-certificacao-junho-de-2019-2\/","title":{"rendered":"J\u00faris de certifica\u00e7\u00e3o \u2013 outubro e novembro de 2019"},"content":{"rendered":"\n<p> Decorreram nos dias 30 de outubro e 6 de novembro de 2019, mais duas   Sess\u00f5es de J\u00fari de Certifica\u00e7\u00e3o, no Centro Qualifica   do Agrupamento de  Escolas Lima-de-Faria, no \u00e2mbito do Processo de Reconhecimento,  Valida\u00e7\u00e3o e Certifica\u00e7\u00e3o de Compet\u00eancias &#8211; RVCC de N\u00edvel B\u00e1sico e  Secund\u00e1rio, nas quais foram certificados\/as mais 8 candidatos. <br> A  equipa do Centro Qualifica felicita os\/as candidatos\/as por todo o  empenho e dedica\u00e7\u00e3o e por valorizarem o seu percurso formativo, numa  Perspetiva de Aprendizagem ao Longo da Vida.<br> Um bem-haja! <\/p>\n\n\n\n<figure class=\"wp-block-image\"><img loading=\"lazy\" decoding=\"async\" width=\"960\" height=\"719\" src=\"http:\/\/www.aelimadefaria.pt\/centroqualifica\/wp-content\/uploads\/2019\/11\/76702459_1388407484655952_2649088931424894976_n-1.jpg\" alt=\"\" class=\"wp-image-245\" srcset=\"http:\/\/www.aelimadefaria.pt\/centroqualifica\/wp-content\/uploads\/2019\/11\/76702459_1388407484655952_2649088931424894976_n-1.jpg 960w, http:\/\/www.aelimadefaria.pt\/centroqualifica\/wp-content\/uploads\/2019\/11\/76702459_1388407484655952_2649088931424894976_n-1-300x225.jpg 300w, http:\/\/www.aelimadefaria.pt\/centroqualifica\/wp-content\/uploads\/2019\/11\/76702459_1388407484655952_2649088931424894976_n-1-768x575.jpg 768w\" sizes=\"auto, (max-width: 960px) 100vw, 960px\" \/><\/figure>\n\n\n\n<figure class=\"wp-block-image\"><img loading=\"lazy\" decoding=\"async\" width=\"960\" height=\"498\" src=\"http:\/\/www.aelimadefaria.pt\/centroqualifica\/wp-content\/uploads\/2019\/11\/76996302_1388403677989666_7360397291808620544_n-1.jpg\" alt=\"\" class=\"wp-image-246\" srcset=\"http:\/\/www.aelimadefaria.pt\/centroqualifica\/wp-content\/uploads\/2019\/11\/76996302_1388403677989666_7360397291808620544_n-1.jpg 960w, http:\/\/www.aelimadefaria.pt\/centroqualifica\/wp-content\/uploads\/2019\/11\/76996302_1388403677989666_7360397291808620544_n-1-300x156.jpg 300w, http:\/\/www.aelimadefaria.pt\/centroqualifica\/wp-content\/uploads\/2019\/11\/76996302_1388403677989666_7360397291808620544_n-1-768x398.jpg 768w\" sizes=\"auto, (max-width: 960px) 100vw, 960px\" \/><\/figure>\n","protected":false},"excerpt":{"rendered":"<p>Decorreram nos dias 30 de outubro e 6 de novembro de 2019, mais duas Sess\u00f5es de J\u00fari de Certifica\u00e7\u00e3o, no Centro Qualifica do Agrupamento de Escolas Lima-de-Faria, no \u00e2mbito do Processo de Reconhecimento, Valida\u00e7\u00e3o e Certifica\u00e7\u00e3o de Compet\u00eancias &#8211; RVCC de N\u00edvel B\u00e1sico e Secund\u00e1rio, nas quais foram certificados\/as mais 8 candidatos. A equipa do <a class=\"more-link\" href=\"http:\/\/www.aelimadefaria.pt\/centroqualifica\/2019\/11\/15\/juris-de-certificacao-junho-de-2019-2\/\">Read More &#8230;<\/a><\/p>\n","protected":false},"author":1,"featured_media":244,"comment_status":"closed","ping_status":"open","sticky":false,"template":"","format":"standard","meta":{"footnotes":""},"categories":[1],"tags":[],"class_list":["post-242","post","type-post","status-publish","format-standard","has-post-thumbnail","hentry","category-uncategorized"],"_links":{"self":[{"href":"http:\/\/www.aelimadefaria.pt\/centroqualifica\/wp-json\/wp\/v2\/posts\/242","targetHints":{"allow":["GET"]}}],"collection":[{"href":"http:\/\/www.aelimadefaria.pt\/centroqualifica\/wp-json\/wp\/v2\/posts"}],"about":[{"href":"http:\/\/www.aelimadefaria.pt\/centroqualifica\/wp-json\/wp\/v2\/types\/post"}],"author":[{"embeddable":true,"href":"http:\/\/www.aelimadefaria.pt\/centroqualifica\/wp-json\/wp\/v2\/users\/1"}],"replies":[{"embeddable":true,"href":"http:\/\/www.aelimadefaria.pt\/centroqualifica\/wp-json\/wp\/v2\/comments?post=242"}],"version-history":[{"count":2,"href":"http:\/\/www.aelimadefaria.pt\/centroqualifica\/wp-json\/wp\/v2\/posts\/242\/revisions"}],"predecessor-version":[{"id":260,"href":"http:\/\/www.aelimadefaria.pt\/centroqualifica\/wp-json\/wp\/v2\/posts\/242\/revisions\/260"}],"wp:featuredmedia":[{"embeddable":true,"href":"http:\/\/www.aelimadefaria.pt\/centroqualifica\/wp-json\/wp\/v2\/media\/244"}],"wp:attachment":[{"href":"http:\/\/www.aelimadefaria.pt\/centroqualifica\/wp-json\/wp\/v2\/media?parent=242"}],"wp:term":[{"taxonomy":"category","embeddable":true,"href":"http:\/\/www.aelimadefaria.pt\/centroqualifica\/wp-json\/wp\/v2\/categories?post=242"},{"taxonomy":"post_tag","embeddable":true,"href":"http:\/\/www.aelimadefaria.pt\/centroqualifica\/wp-json\/wp\/v2\/tags?post=242"}],"curies":[{"name":"wp","href":"https:\/\/api.w.org\/{rel}","templated":true}]}}