{"id":226,"date":"2019-09-17T14:36:39","date_gmt":"2019-09-17T14:36:39","guid":{"rendered":"http:\/\/www.aelimadefaria.pt\/centroqualifica\/?p=226"},"modified":"2021-03-13T18:25:04","modified_gmt":"2021-03-13T18:25:04","slug":"juris-de-certificacao-junho-de-2019","status":"publish","type":"post","link":"http:\/\/www.aelimadefaria.pt\/centroqualifica\/2019\/09\/17\/juris-de-certificacao-junho-de-2019\/","title":{"rendered":"J\u00faris de certifica\u00e7\u00e3o \u2013 junho de 2019"},"content":{"rendered":"\n<p> A Equipa do Centro Qualifica do Agrupamento de Escolas Lima-de-Faria,  realizou mais uma Sess\u00e3o de J\u00fari de Certifica\u00e7\u00e3o de N\u00edvel Secund\u00e1rio, no  dia 13 de junho de 2019. Parab\u00e9ns aos 9 candidatos que conclu\u00edram a  certifica\u00e7\u00e3o com muito sucesso.<\/p>\n\n\n\n<figure class=\"wp-block-image\"><img loading=\"lazy\" decoding=\"async\" width=\"960\" height=\"406\" src=\"http:\/\/www.aelimadefaria.pt\/centroqualifica\/wp-content\/uploads\/2019\/09\/65651484_1274939009336134_5292323255489658880_n.jpg\" alt=\"\" class=\"wp-image-227\" srcset=\"http:\/\/www.aelimadefaria.pt\/centroqualifica\/wp-content\/uploads\/2019\/09\/65651484_1274939009336134_5292323255489658880_n.jpg 960w, http:\/\/www.aelimadefaria.pt\/centroqualifica\/wp-content\/uploads\/2019\/09\/65651484_1274939009336134_5292323255489658880_n-300x127.jpg 300w, http:\/\/www.aelimadefaria.pt\/centroqualifica\/wp-content\/uploads\/2019\/09\/65651484_1274939009336134_5292323255489658880_n-768x325.jpg 768w\" sizes=\"auto, (max-width: 960px) 100vw, 960px\" \/><\/figure>\n","protected":false},"excerpt":{"rendered":"<p>A Equipa do Centro Qualifica do Agrupamento de Escolas Lima-de-Faria, realizou mais uma Sess\u00e3o de J\u00fari de Certifica\u00e7\u00e3o de N\u00edvel Secund\u00e1rio, no dia 13 de junho de 2019. Parab\u00e9ns aos 9 candidatos que conclu\u00edram a certifica\u00e7\u00e3o com muito sucesso.<\/p>\n","protected":false},"author":1,"featured_media":227,"comment_status":"closed","ping_status":"open","sticky":false,"template":"","format":"standard","meta":{"footnotes":""},"categories":[1],"tags":[],"class_list":["post-226","post","type-post","status-publish","format-standard","has-post-thumbnail","hentry","category-uncategorized"],"_links":{"self":[{"href":"http:\/\/www.aelimadefaria.pt\/centroqualifica\/wp-json\/wp\/v2\/posts\/226","targetHints":{"allow":["GET"]}}],"collection":[{"href":"http:\/\/www.aelimadefaria.pt\/centroqualifica\/wp-json\/wp\/v2\/posts"}],"about":[{"href":"http:\/\/www.aelimadefaria.pt\/centroqualifica\/wp-json\/wp\/v2\/types\/post"}],"author":[{"embeddable":true,"href":"http:\/\/www.aelimadefaria.pt\/centroqualifica\/wp-json\/wp\/v2\/users\/1"}],"replies":[{"embeddable":true,"href":"http:\/\/www.aelimadefaria.pt\/centroqualifica\/wp-json\/wp\/v2\/comments?post=226"}],"version-history":[{"count":1,"href":"http:\/\/www.aelimadefaria.pt\/centroqualifica\/wp-json\/wp\/v2\/posts\/226\/revisions"}],"predecessor-version":[{"id":228,"href":"http:\/\/www.aelimadefaria.pt\/centroqualifica\/wp-json\/wp\/v2\/posts\/226\/revisions\/228"}],"wp:featuredmedia":[{"embeddable":true,"href":"http:\/\/www.aelimadefaria.pt\/centroqualifica\/wp-json\/wp\/v2\/media\/227"}],"wp:attachment":[{"href":"http:\/\/www.aelimadefaria.pt\/centroqualifica\/wp-json\/wp\/v2\/media?parent=226"}],"wp:term":[{"taxonomy":"category","embeddable":true,"href":"http:\/\/www.aelimadefaria.pt\/centroqualifica\/wp-json\/wp\/v2\/categories?post=226"},{"taxonomy":"post_tag","embeddable":true,"href":"http:\/\/www.aelimadefaria.pt\/centroqualifica\/wp-json\/wp\/v2\/tags?post=226"}],"curies":[{"name":"wp","href":"https:\/\/api.w.org\/{rel}","templated":true}]}}