{"id":223,"date":"2019-09-17T14:33:21","date_gmt":"2019-09-17T14:33:21","guid":{"rendered":"http:\/\/www.aelimadefaria.pt\/centroqualifica\/?p=223"},"modified":"2021-03-13T18:25:04","modified_gmt":"2021-03-13T18:25:04","slug":"juris-de-certificacao-julho-de-2019","status":"publish","type":"post","link":"http:\/\/www.aelimadefaria.pt\/centroqualifica\/2019\/09\/17\/juris-de-certificacao-julho-de-2019\/","title":{"rendered":"J\u00faris de certifica\u00e7\u00e3o \u2013 julho de 2019"},"content":{"rendered":"\n<p> A Equipa do Centro Qualifica do Agrupamento de Escolas Lima-de-Faria,  realizou Sess\u00f5es de J\u00fari de Certifica\u00e7\u00e3o de N\u00edvel Secund\u00e1rio Escolar e  Certifica\u00e7\u00e3o Profissional de n\u00edvel 4, na \u00e1rea de T\u00e9cnico de Redes  El\u00e9tricas, no dia 11 de julho de 2019. Parab\u00e9ns aos 8 candidatos que  conclu\u00edram a certifica\u00e7\u00e3o com muito sucesso.  <\/p>\n\n\n\n<figure class=\"wp-block-image\"><img loading=\"lazy\" decoding=\"async\" width=\"960\" height=\"720\" src=\"http:\/\/www.aelimadefaria.pt\/centroqualifica\/wp-content\/uploads\/2019\/09\/5d4c4a194364c4.40913337.jpg\" alt=\"\" class=\"wp-image-224\" srcset=\"http:\/\/www.aelimadefaria.pt\/centroqualifica\/wp-content\/uploads\/2019\/09\/5d4c4a194364c4.40913337.jpg 960w, http:\/\/www.aelimadefaria.pt\/centroqualifica\/wp-content\/uploads\/2019\/09\/5d4c4a194364c4.40913337-300x225.jpg 300w, http:\/\/www.aelimadefaria.pt\/centroqualifica\/wp-content\/uploads\/2019\/09\/5d4c4a194364c4.40913337-768x576.jpg 768w\" sizes=\"auto, (max-width: 960px) 100vw, 960px\" \/><\/figure>\n","protected":false},"excerpt":{"rendered":"<p>A Equipa do Centro Qualifica do Agrupamento de Escolas Lima-de-Faria, realizou Sess\u00f5es de J\u00fari de Certifica\u00e7\u00e3o de N\u00edvel Secund\u00e1rio Escolar e Certifica\u00e7\u00e3o Profissional de n\u00edvel 4, na \u00e1rea de T\u00e9cnico de Redes El\u00e9tricas, no dia 11 de julho de 2019. Parab\u00e9ns aos 8 candidatos que conclu\u00edram a certifica\u00e7\u00e3o com muito sucesso.<\/p>\n","protected":false},"author":1,"featured_media":224,"comment_status":"closed","ping_status":"open","sticky":false,"template":"","format":"standard","meta":{"footnotes":""},"categories":[1],"tags":[],"class_list":["post-223","post","type-post","status-publish","format-standard","has-post-thumbnail","hentry","category-uncategorized"],"_links":{"self":[{"href":"http:\/\/www.aelimadefaria.pt\/centroqualifica\/wp-json\/wp\/v2\/posts\/223","targetHints":{"allow":["GET"]}}],"collection":[{"href":"http:\/\/www.aelimadefaria.pt\/centroqualifica\/wp-json\/wp\/v2\/posts"}],"about":[{"href":"http:\/\/www.aelimadefaria.pt\/centroqualifica\/wp-json\/wp\/v2\/types\/post"}],"author":[{"embeddable":true,"href":"http:\/\/www.aelimadefaria.pt\/centroqualifica\/wp-json\/wp\/v2\/users\/1"}],"replies":[{"embeddable":true,"href":"http:\/\/www.aelimadefaria.pt\/centroqualifica\/wp-json\/wp\/v2\/comments?post=223"}],"version-history":[{"count":1,"href":"http:\/\/www.aelimadefaria.pt\/centroqualifica\/wp-json\/wp\/v2\/posts\/223\/revisions"}],"predecessor-version":[{"id":225,"href":"http:\/\/www.aelimadefaria.pt\/centroqualifica\/wp-json\/wp\/v2\/posts\/223\/revisions\/225"}],"wp:featuredmedia":[{"embeddable":true,"href":"http:\/\/www.aelimadefaria.pt\/centroqualifica\/wp-json\/wp\/v2\/media\/224"}],"wp:attachment":[{"href":"http:\/\/www.aelimadefaria.pt\/centroqualifica\/wp-json\/wp\/v2\/media?parent=223"}],"wp:term":[{"taxonomy":"category","embeddable":true,"href":"http:\/\/www.aelimadefaria.pt\/centroqualifica\/wp-json\/wp\/v2\/categories?post=223"},{"taxonomy":"post_tag","embeddable":true,"href":"http:\/\/www.aelimadefaria.pt\/centroqualifica\/wp-json\/wp\/v2\/tags?post=223"}],"curies":[{"name":"wp","href":"https:\/\/api.w.org\/{rel}","templated":true}]}}