{"id":176,"date":"2019-04-10T08:22:22","date_gmt":"2019-04-10T08:22:22","guid":{"rendered":"http:\/\/www.aelimadefaria.pt\/centroqualifica\/?p=176"},"modified":"2021-03-13T18:25:04","modified_gmt":"2021-03-13T18:25:04","slug":"juri-de-certificacao-profissional-tecnico-de-redes-eletricas","status":"publish","type":"post","link":"http:\/\/www.aelimadefaria.pt\/centroqualifica\/2019\/04\/10\/juri-de-certificacao-profissional-tecnico-de-redes-eletricas\/","title":{"rendered":"J\u00fari de Certifica\u00e7\u00e3o Profissional \u2013 T\u00e9cnico de Redes El\u00e9tricas"},"content":{"rendered":"\n<p>No dia 10 de dezembro de 2018, o Centro Qualifica do Agrupamento de Escolas Lima-de-Faria de Cantanhede, realizou J\u00fari de Certifica\u00e7\u00e3o Profissional \u2013 T\u00e9cnico de Redes El\u00e9tricas. Parab\u00e9ns ao Formando e \u00e0 equipa que o acompanhou neste processo.<\/p>\n\n\n\n<figure class=\"wp-block-image\"><img loading=\"lazy\" decoding=\"async\" width=\"1024\" height=\"768\" src=\"http:\/\/www.aelimadefaria.pt\/centroqualifica\/wp-content\/uploads\/2019\/04\/48988584_394777054665165_1768889028251222016_o-1024x768.jpg\" alt=\"\" class=\"wp-image-177\" srcset=\"http:\/\/www.aelimadefaria.pt\/centroqualifica\/wp-content\/uploads\/2019\/04\/48988584_394777054665165_1768889028251222016_o-1024x768.jpg 1024w, http:\/\/www.aelimadefaria.pt\/centroqualifica\/wp-content\/uploads\/2019\/04\/48988584_394777054665165_1768889028251222016_o-300x225.jpg 300w, http:\/\/www.aelimadefaria.pt\/centroqualifica\/wp-content\/uploads\/2019\/04\/48988584_394777054665165_1768889028251222016_o-768x576.jpg 768w, http:\/\/www.aelimadefaria.pt\/centroqualifica\/wp-content\/uploads\/2019\/04\/48988584_394777054665165_1768889028251222016_o.jpg 1920w\" sizes=\"auto, (max-width: 1024px) 100vw, 1024px\" \/><\/figure>\n\n\n\n<figure class=\"wp-block-image\"><img loading=\"lazy\" decoding=\"async\" width=\"1024\" height=\"768\" src=\"http:\/\/www.aelimadefaria.pt\/centroqualifica\/wp-content\/uploads\/2019\/04\/48423347_394776851331852_7817976458915086336_o-1024x768.jpg\" alt=\"\" class=\"wp-image-178\" srcset=\"http:\/\/www.aelimadefaria.pt\/centroqualifica\/wp-content\/uploads\/2019\/04\/48423347_394776851331852_7817976458915086336_o-1024x768.jpg 1024w, http:\/\/www.aelimadefaria.pt\/centroqualifica\/wp-content\/uploads\/2019\/04\/48423347_394776851331852_7817976458915086336_o-300x225.jpg 300w, http:\/\/www.aelimadefaria.pt\/centroqualifica\/wp-content\/uploads\/2019\/04\/48423347_394776851331852_7817976458915086336_o-768x576.jpg 768w, http:\/\/www.aelimadefaria.pt\/centroqualifica\/wp-content\/uploads\/2019\/04\/48423347_394776851331852_7817976458915086336_o.jpg 1920w\" sizes=\"auto, (max-width: 1024px) 100vw, 1024px\" \/><\/figure>\n\n\n\n<figure class=\"wp-block-image\"><img loading=\"lazy\" decoding=\"async\" width=\"1024\" height=\"768\" src=\"http:\/\/www.aelimadefaria.pt\/centroqualifica\/wp-content\/uploads\/2019\/04\/49068162_394776884665182_2077395360891797504_o-1024x768.jpg\" alt=\"\" class=\"wp-image-179\" srcset=\"http:\/\/www.aelimadefaria.pt\/centroqualifica\/wp-content\/uploads\/2019\/04\/49068162_394776884665182_2077395360891797504_o-1024x768.jpg 1024w, http:\/\/www.aelimadefaria.pt\/centroqualifica\/wp-content\/uploads\/2019\/04\/49068162_394776884665182_2077395360891797504_o-300x225.jpg 300w, http:\/\/www.aelimadefaria.pt\/centroqualifica\/wp-content\/uploads\/2019\/04\/49068162_394776884665182_2077395360891797504_o-768x576.jpg 768w, http:\/\/www.aelimadefaria.pt\/centroqualifica\/wp-content\/uploads\/2019\/04\/49068162_394776884665182_2077395360891797504_o.jpg 1920w\" sizes=\"auto, (max-width: 1024px) 100vw, 1024px\" \/><\/figure>\n\n\n\n<p><\/p>\n","protected":false},"excerpt":{"rendered":"<p>No dia 10 de dezembro de 2018, o Centro Qualifica do Agrupamento de Escolas Lima-de-Faria de Cantanhede, realizou J\u00fari de Certifica\u00e7\u00e3o Profissional \u2013 T\u00e9cnico de Redes El\u00e9tricas. Parab\u00e9ns ao Formando e \u00e0 equipa que o acompanhou neste processo.<\/p>\n","protected":false},"author":1,"featured_media":177,"comment_status":"closed","ping_status":"open","sticky":false,"template":"","format":"standard","meta":{"footnotes":""},"categories":[1],"tags":[],"class_list":["post-176","post","type-post","status-publish","format-standard","has-post-thumbnail","hentry","category-uncategorized"],"_links":{"self":[{"href":"http:\/\/www.aelimadefaria.pt\/centroqualifica\/wp-json\/wp\/v2\/posts\/176","targetHints":{"allow":["GET"]}}],"collection":[{"href":"http:\/\/www.aelimadefaria.pt\/centroqualifica\/wp-json\/wp\/v2\/posts"}],"about":[{"href":"http:\/\/www.aelimadefaria.pt\/centroqualifica\/wp-json\/wp\/v2\/types\/post"}],"author":[{"embeddable":true,"href":"http:\/\/www.aelimadefaria.pt\/centroqualifica\/wp-json\/wp\/v2\/users\/1"}],"replies":[{"embeddable":true,"href":"http:\/\/www.aelimadefaria.pt\/centroqualifica\/wp-json\/wp\/v2\/comments?post=176"}],"version-history":[{"count":1,"href":"http:\/\/www.aelimadefaria.pt\/centroqualifica\/wp-json\/wp\/v2\/posts\/176\/revisions"}],"predecessor-version":[{"id":180,"href":"http:\/\/www.aelimadefaria.pt\/centroqualifica\/wp-json\/wp\/v2\/posts\/176\/revisions\/180"}],"wp:featuredmedia":[{"embeddable":true,"href":"http:\/\/www.aelimadefaria.pt\/centroqualifica\/wp-json\/wp\/v2\/media\/177"}],"wp:attachment":[{"href":"http:\/\/www.aelimadefaria.pt\/centroqualifica\/wp-json\/wp\/v2\/media?parent=176"}],"wp:term":[{"taxonomy":"category","embeddable":true,"href":"http:\/\/www.aelimadefaria.pt\/centroqualifica\/wp-json\/wp\/v2\/categories?post=176"},{"taxonomy":"post_tag","embeddable":true,"href":"http:\/\/www.aelimadefaria.pt\/centroqualifica\/wp-json\/wp\/v2\/tags?post=176"}],"curies":[{"name":"wp","href":"https:\/\/api.w.org\/{rel}","templated":true}]}}